{"id":3019,"date":"2020-07-21T21:07:34","date_gmt":"2020-07-21T21:07:34","guid":{"rendered":"http:\/\/www.comitatoperlinate.info\/?p=3019"},"modified":"2020-09-06T15:19:17","modified_gmt":"2020-09-06T15:19:17","slug":"firmata-la-convenzione-per-gestione-dellinfopoint-sino-al-30-giugno-2021","status":"publish","type":"post","link":"https:\/\/www.comitatoperlinate.info\/index.php\/2020\/07\/21\/firmata-la-convenzione-per-gestione-dellinfopoint-sino-al-30-giugno-2021\/","title":{"rendered":"Firmata  la Convenzione per gestione dell&#8217;Infopoint sino al 30 Giugno 2021"},"content":{"rendered":"\n<p>In data 3 Luglio, \u00e8 stata firmata la convenzione per la gestione dell&#8217;Infopoint sino al 30-6-2021.<\/p>\n<p>Ringraziamo l&#8217;Amministrazione Comunale per aver rinnovato la convenzione, che ci permetter\u00e0 dal 1 settembre di riprendere la nostra attivit\u00e0 d&#8217;informazione e di aiuto per i cittadini, nel rispetto delle norme anti Covid<\/p>\n<p>\u00a0<\/p>\n","protected":false},"excerpt":{"rendered":"","protected":false},"author":1,"featured_media":3017,"comment_status":"open","ping_status":"open","sticky":false,"template":"","format":"standard","meta":{"jetpack_post_was_ever_published":false,"_jetpack_newsletter_access":"","_jetpack_dont_email_post_to_subs":false,"_jetpack_newsletter_tier_id":0,"_jetpack_memberships_contains_paywalled_content":false,"_jetpack_memberships_contains_paid_content":false,"footnotes":""},"categories":[185],"tags":[258],"class_list":["post-3019","post","type-post","status-publish","format-standard","has-post-thumbnail","hentry","category-convenzione-infopoint","tag-apetura"],"jetpack_featured_media_url":"https:\/\/i0.wp.com\/www.comitatoperlinate.info\/wp-content\/uploads\/2020\/07\/Cartello-espositivo_inizio-attivita.jpg?fit=800%2C1020&ssl=1","jetpack_shortlink":"https:\/\/wp.me\/p7mGx5-MH","jetpack-related-posts":[{"id":2543,"url":"https:\/\/www.comitatoperlinate.info\/index.php\/2019\/08\/05\/firmata-la-convezione-per-la-gestione-dellinfopoint\/","url_meta":{"origin":3019,"position":0},"title":"Firmata la Convenzione per la gestione dell&#8217;Infopoint","author":"comitatoper_info","date":"05\/08\/2019","format":false,"excerpt":"Oggi, grazie agli accordi con l\u2019Amministrazione Comunale, abbiamo firmato \u00a0la convenzione per la gestione, sino al 30\/6\/2020, dell\u2019Infopoint presso il Centro Civico Calipari. La nostra attivit\u00e0 di supporto ai cittadini, riprender\u00e0 MARTEDI' 3 SETTEMBRE dopo la pausa estiva Buone Vacanze","rel":"","context":"In &quot;Comunicato&quot;","block_context":{"text":"Comunicato","link":"https:\/\/www.comitatoperlinate.info\/index.php\/category\/comunicato\/"},"img":{"alt_text":"","src":"https:\/\/i0.wp.com\/www.comitatoperlinate.info\/wp-content\/uploads\/2019\/08\/Cartello-espositivo_inizio-attivita-copia_page-0001.jpg?fit=849%2C1200&ssl=1&resize=350%2C200","width":350,"height":200,"srcset":"https:\/\/i0.wp.com\/www.comitatoperlinate.info\/wp-content\/uploads\/2019\/08\/Cartello-espositivo_inizio-attivita-copia_page-0001.jpg?fit=849%2C1200&ssl=1&resize=350%2C200 1x, https:\/\/i0.wp.com\/www.comitatoperlinate.info\/wp-content\/uploads\/2019\/08\/Cartello-espositivo_inizio-attivita-copia_page-0001.jpg?fit=849%2C1200&ssl=1&resize=525%2C300 1.5x, https:\/\/i0.wp.com\/www.comitatoperlinate.info\/wp-content\/uploads\/2019\/08\/Cartello-espositivo_inizio-attivita-copia_page-0001.jpg?fit=849%2C1200&ssl=1&resize=700%2C400 2x"},"classes":[]},{"id":2522,"url":"https:\/\/www.comitatoperlinate.info\/index.php\/2019\/07\/17\/ieri-infopoint-chiuso\/","url_meta":{"origin":3019,"position":1},"title":"Ieri 16\/7\/2019 Infopoint chiuso","author":"comitatoper_info","date":"17\/07\/2019","format":false,"excerpt":"Ieri l\u2019Infopoint gestito dal Comitato per Linate ODV era CHUSO Con molta amarezza, comunichiamo che non possiamo continuare a svolgere la nostra attivit\u00e0 di supporto ai cittadini perch\u00e9 la convenzione per la gestione dell\u2019Info Point \u00e8 scaduta il 15.07.2019Da maggio, abbiamo chiesto all\u2019Amministrazione Comunale, prima verbalmente e poi con lettera\u2026","rel":"","context":"In &quot;Comunicato&quot;","block_context":{"text":"Comunicato","link":"https:\/\/www.comitatoperlinate.info\/index.php\/category\/comunicato\/"},"img":{"alt_text":"","src":"https:\/\/i0.wp.com\/www.comitatoperlinate.info\/wp-content\/uploads\/2019\/07\/Cartello-espositivo2-copia_page-0001-Copia.jpg?fit=500%2C706&ssl=1&resize=350%2C200","width":350,"height":200},"classes":[]},{"id":3378,"url":"https:\/\/www.comitatoperlinate.info\/index.php\/2021\/09\/07\/riapriamo-presso-il-centro-civico-calipari-dal-7-9-2021-al-30-11-2021-al-martedi-e-giovedi-dalle-ore-1800-alle-ore-1900-riprende-la-nostra-attivita-di-supporto-ai-cittadini\/","url_meta":{"origin":3019,"position":2},"title":"RIAPRIAMO \u2026. presso il Centro Civico Calipari &#8211; Dal 7\/9\/2021 al 30\/11\/2021,  al marted\u00ec e gioved\u00ec, dalle ore 18,00 alle ore 19,00  riprende la nostra attivit\u00e0 di supporto ai Cittadini","author":"comitatoper_info","date":"07\/09\/2021","format":false,"excerpt":"L\u2019Amministrazione Comunale, non ha rinnovato alla nostra Associazione, la Convenzione per la gestione dell\u2019Infopoint, rimandando la decisione al prossimo esecutivo. Per noi \u00e8 IMPORTANTE riaprire a Linate\u00a0 un centro di aggregazione e\u00a0 di\u00a0\u00a0\u00a0 supporto, dove i nostri volontari cercano\u00a0 di\u00a0 dare una\u00a0 risposta\u00a0 ad\u00a0 ogni richiesta\u00a0 o\u00a0\u00a0 necessit\u00e0 del Cittadino.\u2026","rel":"","context":"In &quot;Comunicato&quot;","block_context":{"text":"Comunicato","link":"https:\/\/www.comitatoperlinate.info\/index.php\/category\/comunicato\/"},"img":{"alt_text":"","src":"https:\/\/i0.wp.com\/www.comitatoperlinate.info\/wp-content\/uploads\/2021\/09\/2021_Comunicato-Riapertura-locale-ex-infopoint..jpeg?fit=848%2C1200&ssl=1&resize=350%2C200","width":350,"height":200,"srcset":"https:\/\/i0.wp.com\/www.comitatoperlinate.info\/wp-content\/uploads\/2021\/09\/2021_Comunicato-Riapertura-locale-ex-infopoint..jpeg?fit=848%2C1200&ssl=1&resize=350%2C200 1x, https:\/\/i0.wp.com\/www.comitatoperlinate.info\/wp-content\/uploads\/2021\/09\/2021_Comunicato-Riapertura-locale-ex-infopoint..jpeg?fit=848%2C1200&ssl=1&resize=525%2C300 1.5x, https:\/\/i0.wp.com\/www.comitatoperlinate.info\/wp-content\/uploads\/2021\/09\/2021_Comunicato-Riapertura-locale-ex-infopoint..jpeg?fit=848%2C1200&ssl=1&resize=700%2C400 2x"},"classes":[]},{"id":6213,"url":"https:\/\/www.comitatoperlinate.info\/index.php\/2025\/05\/23\/convenzione-con-il-ristorante-oasis-a-peschiera-borromeo\/","url_meta":{"origin":3019,"position":3},"title":"Convenzione con il Ristorante Oasis a Peschiera Borromeo","author":"comitatoper_info","date":"23\/05\/2025","format":false,"excerpt":"Continuiamo la nostra iniziativa di creare convenzioni con le attivit\u00e0 del territorio.Questa volta tocca al Ristorante Oasis Idroscalo (s\u00ec, proprio quello col sommergibile vicino all\u2019Idroscalo): Pranzo completo a 10\u20ac 30% di sconto sul men\u00f9 alla carta In pi\u00f9, se state pensando a una festa o cerimonia, il locale \u00e8 disponibile\u2026","rel":"","context":"In &quot;Comunicato&quot;","block_context":{"text":"Comunicato","link":"https:\/\/www.comitatoperlinate.info\/index.php\/category\/comunicato\/"},"img":{"alt_text":"","src":"","width":0,"height":0},"classes":[]},{"id":2820,"url":"https:\/\/www.comitatoperlinate.info\/index.php\/2020\/01\/23\/sei-uno-studente-alla-ricerca-di-un-locale-dove-studiare-da-solo-o-in-gruppo\/","url_meta":{"origin":3019,"position":4},"title":"Sei uno studente alla ricerca di un locale dove studiare da solo o in gruppo?","author":"comitatoper_info","date":"23\/01\/2020","format":false,"excerpt":"Grazie alla convenzione con l\u2019Amministrazione Comunale, ti diamo la possibilit\u00e0 di utilizzare il locale adibito ad Infopoint, attrezzato con computer, stampante e collegamento internet. Per maggiori informazioni scrivi a linateinfo@gmail.comoppure telefona al 345 4597720","rel":"","context":"In &quot;Comunicato&quot;","block_context":{"text":"Comunicato","link":"https:\/\/www.comitatoperlinate.info\/index.php\/category\/comunicato\/"},"img":{"alt_text":"","src":"https:\/\/i0.wp.com\/www.comitatoperlinate.info\/wp-content\/uploads\/2020\/01\/2020_Infopoint_studio-copia_page-0001.jpg?fit=800%2C1130&ssl=1&resize=350%2C200","width":350,"height":200,"srcset":"https:\/\/i0.wp.com\/www.comitatoperlinate.info\/wp-content\/uploads\/2020\/01\/2020_Infopoint_studio-copia_page-0001.jpg?fit=800%2C1130&ssl=1&resize=350%2C200 1x, https:\/\/i0.wp.com\/www.comitatoperlinate.info\/wp-content\/uploads\/2020\/01\/2020_Infopoint_studio-copia_page-0001.jpg?fit=800%2C1130&ssl=1&resize=525%2C300 1.5x, https:\/\/i0.wp.com\/www.comitatoperlinate.info\/wp-content\/uploads\/2020\/01\/2020_Infopoint_studio-copia_page-0001.jpg?fit=800%2C1130&ssl=1&resize=700%2C400 2x"},"classes":[]},{"id":6115,"url":"https:\/\/www.comitatoperlinate.info\/index.php\/2025\/02\/11\/un-grazie-allazienda-farmacie-comunali-di-peschiera-borromeo\/","url_meta":{"origin":3019,"position":5},"title":"Un GRAZIE all&#8217;Azienda Farmacie Comunali di Peschiera Borromeo","author":"comitatoper_info","date":"11\/02\/2025","format":"image","excerpt":"Comitato per Linate esprime il proprio ringraziamento all\u2019Azienda Farmacie Comunali di Peschiera Borromeo per la dimostrazione di attenzione e vicinanza ai cittadini. A partire da gioved\u00ec 13 febbraio 2025, il dispensario farmaceutico amplier\u00e0 ulteriormente il suo servizio, rimanendo aperto anche il pomeriggio del gioved\u00ec, dalle 15:30 alle 19:30. Inoltre, grazie\u2026","rel":"","context":"In &quot;Comunicato&quot;","block_context":{"text":"Comunicato","link":"https:\/\/www.comitatoperlinate.info\/index.php\/category\/comunicato\/"},"img":{"alt_text":"","src":"https:\/\/i0.wp.com\/www.comitatoperlinate.info\/wp-content\/uploads\/2025\/02\/Ringraziame-nto-Farmacie-1.jpg?fit=1200%2C630&ssl=1&resize=350%2C200","width":350,"height":200,"srcset":"https:\/\/i0.wp.com\/www.comitatoperlinate.info\/wp-content\/uploads\/2025\/02\/Ringraziame-nto-Farmacie-1.jpg?fit=1200%2C630&ssl=1&resize=350%2C200 1x, https:\/\/i0.wp.com\/www.comitatoperlinate.info\/wp-content\/uploads\/2025\/02\/Ringraziame-nto-Farmacie-1.jpg?fit=1200%2C630&ssl=1&resize=525%2C300 1.5x, https:\/\/i0.wp.com\/www.comitatoperlinate.info\/wp-content\/uploads\/2025\/02\/Ringraziame-nto-Farmacie-1.jpg?fit=1200%2C630&ssl=1&resize=700%2C400 2x, https:\/\/i0.wp.com\/www.comitatoperlinate.info\/wp-content\/uploads\/2025\/02\/Ringraziame-nto-Farmacie-1.jpg?fit=1200%2C630&ssl=1&resize=1050%2C600 3x"},"classes":[]}],"jetpack_sharing_enabled":true,"_links":{"self":[{"href":"https:\/\/www.comitatoperlinate.info\/index.php\/wp-json\/wp\/v2\/posts\/3019","targetHints":{"allow":["GET"]}}],"collection":[{"href":"https:\/\/www.comitatoperlinate.info\/index.php\/wp-json\/wp\/v2\/posts"}],"about":[{"href":"https:\/\/www.comitatoperlinate.info\/index.php\/wp-json\/wp\/v2\/types\/post"}],"author":[{"embeddable":true,"href":"https:\/\/www.comitatoperlinate.info\/index.php\/wp-json\/wp\/v2\/users\/1"}],"replies":[{"embeddable":true,"href":"https:\/\/www.comitatoperlinate.info\/index.php\/wp-json\/wp\/v2\/comments?post=3019"}],"version-history":[{"count":2,"href":"https:\/\/www.comitatoperlinate.info\/index.php\/wp-json\/wp\/v2\/posts\/3019\/revisions"}],"predecessor-version":[{"id":3021,"href":"https:\/\/www.comitatoperlinate.info\/index.php\/wp-json\/wp\/v2\/posts\/3019\/revisions\/3021"}],"wp:featuredmedia":[{"embeddable":true,"href":"https:\/\/www.comitatoperlinate.info\/index.php\/wp-json\/wp\/v2\/media\/3017"}],"wp:attachment":[{"href":"https:\/\/www.comitatoperlinate.info\/index.php\/wp-json\/wp\/v2\/media?parent=3019"}],"wp:term":[{"taxonomy":"category","embeddable":true,"href":"https:\/\/www.comitatoperlinate.info\/index.php\/wp-json\/wp\/v2\/categories?post=3019"},{"taxonomy":"post_tag","embeddable":true,"href":"https:\/\/www.comitatoperlinate.info\/index.php\/wp-json\/wp\/v2\/tags?post=3019"}],"curies":[{"name":"wp","href":"https:\/\/api.w.org\/{rel}","templated":true}]}}