{"id":4839,"date":"2024-11-05T21:47:26","date_gmt":"2024-11-05T21:47:26","guid":{"rendered":"https:\/\/www.comitatoperlinate.info\/?p=4839"},"modified":"2024-12-24T18:39:52","modified_gmt":"2024-12-24T18:39:52","slug":"partecipazione-alla-festa-di-peschiera-borromeo-3-11-2024","status":"publish","type":"post","link":"https:\/\/www.comitatoperlinate.info\/index.php\/2024\/11\/05\/partecipazione-alla-festa-di-peschiera-borromeo-3-11-2024\/","title":{"rendered":"Partecipazione alla Festa di Peschiera Borromeo 3\/11\/2024"},"content":{"rendered":"\n<p>Alla festa di domenica 3\/11\/2024 a Peschiera Borromeo, in occasione della consegna del Basilisco d&#8217;Oro e della riapertura del Teatro De Sica, il Comitato per Linate Associazione ODV ha risposto con entusiasmo all&#8217;invito dell&#8217;Amministrazione! Per l\u2019occasione, abbiamo preparato gratuitamente zucchero filato e deliziose mele fritte con zucchero e cannella per tutti i bambini. \u00c8 stato meraviglioso vedere i loro sorrisi mentre ricevevano questi dolci omaggi! ?<\/p>\n\n\n\n\n\n<div class=\"wp-block-jetpack-tiled-gallery aligncenter is-style-rectangular\"><div class=\"\"><div class=\"tiled-gallery__gallery\"><div class=\"tiled-gallery__row\"><div class=\"tiled-gallery__col\" style=\"flex-basis:25.00000%\"><figure class=\"tiled-gallery__item\"><img decoding=\"async\" data-attachment-id=\"4844\" data-permalink=\"https:\/\/www.comitatoperlinate.info\/index.php\/2024\/11\/05\/partecipazione-alla-festa-di-peschiera-borromeo-3-11-2024\/2024_stand-alla-festa-di-san-carlo-3-11-2024-5-min\/\" data-orig-file=\"https:\/\/i0.wp.com\/www.comitatoperlinate.info\/wp-content\/uploads\/2024\/11\/2024_Stand-alla-Festa-di-San-Carlo-3-11-2024-5-min-scaled.jpg?fit=1920%2C2560&amp;ssl=1\" data-orig-size=\"1920,2560\" data-comments-opened=\"1\" data-image-meta=\"{&quot;aperture&quot;:&quot;0&quot;,&quot;credit&quot;:&quot;&quot;,&quot;camera&quot;:&quot;&quot;,&quot;caption&quot;:&quot;&quot;,&quot;created_timestamp&quot;:&quot;0&quot;,&quot;copyright&quot;:&quot;&quot;,&quot;focal_length&quot;:&quot;0&quot;,&quot;iso&quot;:&quot;0&quot;,&quot;shutter_speed&quot;:&quot;0&quot;,&quot;title&quot;:&quot;&quot;,&quot;orientation&quot;:&quot;0&quot;}\" data-image-title=\"2024_Stand alla Festa di San Carlo 3-11-2024 (5)-min\" data-image-description=\"\" data-image-caption=\"\" data-large-file=\"https:\/\/i0.wp.com\/www.comitatoperlinate.info\/wp-content\/uploads\/2024\/11\/2024_Stand-alla-Festa-di-San-Carlo-3-11-2024-5-min-scaled.jpg?fit=665%2C887&amp;ssl=1\" data-attachment-id=\"4844\" data-permalink=\"https:\/\/www.comitatoperlinate.info\/index.php\/2024\/11\/05\/partecipazione-alla-festa-di-peschiera-borromeo-3-11-2024\/2024_stand-alla-festa-di-san-carlo-3-11-2024-5-min\/\" data-orig-file=\"https:\/\/i0.wp.com\/www.comitatoperlinate.info\/wp-content\/uploads\/2024\/11\/2024_Stand-alla-Festa-di-San-Carlo-3-11-2024-5-min-scaled.jpg?fit=1920%2C2560&amp;ssl=1\" data-orig-size=\"1920,2560\" data-comments-opened=\"1\" data-image-meta=\"{&quot;aperture&quot;:&quot;0&quot;,&quot;credit&quot;:&quot;&quot;,&quot;camera&quot;:&quot;&quot;,&quot;caption&quot;:&quot;&quot;,&quot;created_timestamp&quot;:&quot;0&quot;,&quot;copyright&quot;:&quot;&quot;,&quot;focal_length&quot;:&quot;0&quot;,&quot;iso&quot;:&quot;0&quot;,&quot;shutter_speed&quot;:&quot;0&quot;,&quot;title&quot;:&quot;&quot;,&quot;orientation&quot;:&quot;0&quot;}\" data-image-title=\"2024_Stand alla Festa di San Carlo 3-11-2024 (5)-min\" data-image-description=\"\" data-image-caption=\"\" data-large-file=\"https:\/\/i0.wp.com\/www.comitatoperlinate.info\/wp-content\/uploads\/2024\/11\/2024_Stand-alla-Festa-di-San-Carlo-3-11-2024-5-min-scaled.jpg?fit=665%2C887&amp;ssl=1\" role=\"button\" tabindex=\"0\" aria-label=\"Apri immagine 1 di 19 a schermo intero\"srcset=\"https:\/\/i1.wp.com\/www.comitatoperlinate.info\/wp-content\/uploads\/2024\/11\/2024_Stand-alla-Festa-di-San-Carlo-3-11-2024-5-min-768x1024.jpg?strip=info&#038;w=600&#038;ssl=1 600w,https:\/\/i1.wp.com\/www.comitatoperlinate.info\/wp-content\/uploads\/2024\/11\/2024_Stand-alla-Festa-di-San-Carlo-3-11-2024-5-min-768x1024.jpg?strip=info&#038;w=900&#038;ssl=1 900w,https:\/\/i1.wp.com\/www.comitatoperlinate.info\/wp-content\/uploads\/2024\/11\/2024_Stand-alla-Festa-di-San-Carlo-3-11-2024-5-min-768x1024.jpg?strip=info&#038;w=1200&#038;ssl=1 1200w,https:\/\/i1.wp.com\/www.comitatoperlinate.info\/wp-content\/uploads\/2024\/11\/2024_Stand-alla-Festa-di-San-Carlo-3-11-2024-5-min-768x1024.jpg?strip=info&#038;w=1500&#038;ssl=1 1500w,https:\/\/i1.wp.com\/www.comitatoperlinate.info\/wp-content\/uploads\/2024\/11\/2024_Stand-alla-Festa-di-San-Carlo-3-11-2024-5-min-768x1024.jpg?strip=info&#038;w=1800&#038;ssl=1 1800w,https:\/\/i1.wp.com\/www.comitatoperlinate.info\/wp-content\/uploads\/2024\/11\/2024_Stand-alla-Festa-di-San-Carlo-3-11-2024-5-min-768x1024.jpg?strip=info&#038;w=1920&#038;ssl=1 1920w\" alt=\"\" data-height=\"2560\" data-id=\"4844\" data-link=\"https:\/\/www.comitatoperlinate.info\/?attachment_id=4844\" data-url=\"https:\/\/www.comitatoperlinate.info\/wp-content\/uploads\/2024\/11\/2024_Stand-alla-Festa-di-San-Carlo-3-11-2024-5-min-768x1024.jpg\" data-width=\"1920\" src=\"https:\/\/i1.wp.com\/www.comitatoperlinate.info\/wp-content\/uploads\/2024\/11\/2024_Stand-alla-Festa-di-San-Carlo-3-11-2024-5-min-768x1024.jpg?ssl=1\" data-amp-layout=\"responsive\" tabindex=\"0\" role=\"button\" aria-label=\"Apri immagine 1 di 19 a schermo intero\"\/><\/figure><\/div><div class=\"tiled-gallery__col\" style=\"flex-basis:25.00000%\"><figure class=\"tiled-gallery__item\"><img decoding=\"async\" data-attachment-id=\"4843\" data-permalink=\"https:\/\/www.comitatoperlinate.info\/index.php\/2024\/11\/05\/partecipazione-alla-festa-di-peschiera-borromeo-3-11-2024\/2024_stand-alla-festa-di-san-carlo-3-11-2024-4-min\/\" data-orig-file=\"https:\/\/i0.wp.com\/www.comitatoperlinate.info\/wp-content\/uploads\/2024\/11\/2024_Stand-alla-Festa-di-San-Carlo-3-11-2024-4-min-scaled.jpg?fit=1920%2C2560&amp;ssl=1\" data-orig-size=\"1920,2560\" data-comments-opened=\"1\" data-image-meta=\"{&quot;aperture&quot;:&quot;0&quot;,&quot;credit&quot;:&quot;&quot;,&quot;camera&quot;:&quot;&quot;,&quot;caption&quot;:&quot;&quot;,&quot;created_timestamp&quot;:&quot;0&quot;,&quot;copyright&quot;:&quot;&quot;,&quot;focal_length&quot;:&quot;0&quot;,&quot;iso&quot;:&quot;0&quot;,&quot;shutter_speed&quot;:&quot;0&quot;,&quot;title&quot;:&quot;&quot;,&quot;orientation&quot;:&quot;0&quot;}\" data-image-title=\"2024_Stand alla Festa di San Carlo 3-11-2024 (4)-min\" data-image-description=\"\" data-image-caption=\"\" data-large-file=\"https:\/\/i0.wp.com\/www.comitatoperlinate.info\/wp-content\/uploads\/2024\/11\/2024_Stand-alla-Festa-di-San-Carlo-3-11-2024-4-min-scaled.jpg?fit=665%2C887&amp;ssl=1\" data-attachment-id=\"4843\" data-permalink=\"https:\/\/www.comitatoperlinate.info\/index.php\/2024\/11\/05\/partecipazione-alla-festa-di-peschiera-borromeo-3-11-2024\/2024_stand-alla-festa-di-san-carlo-3-11-2024-4-min\/\" data-orig-file=\"https:\/\/i0.wp.com\/www.comitatoperlinate.info\/wp-content\/uploads\/2024\/11\/2024_Stand-alla-Festa-di-San-Carlo-3-11-2024-4-min-scaled.jpg?fit=1920%2C2560&amp;ssl=1\" data-orig-size=\"1920,2560\" data-comments-opened=\"1\" data-image-meta=\"{&quot;aperture&quot;:&quot;0&quot;,&quot;credit&quot;:&quot;&quot;,&quot;camera&quot;:&quot;&quot;,&quot;caption&quot;:&quot;&quot;,&quot;created_timestamp&quot;:&quot;0&quot;,&quot;copyright&quot;:&quot;&quot;,&quot;focal_length&quot;:&quot;0&quot;,&quot;iso&quot;:&quot;0&quot;,&quot;shutter_speed&quot;:&quot;0&quot;,&quot;title&quot;:&quot;&quot;,&quot;orientation&quot;:&quot;0&quot;}\" data-image-title=\"2024_Stand alla Festa di San Carlo 3-11-2024 (4)-min\" data-image-description=\"\" data-image-caption=\"\" data-large-file=\"https:\/\/i0.wp.com\/www.comitatoperlinate.info\/wp-content\/uploads\/2024\/11\/2024_Stand-alla-Festa-di-San-Carlo-3-11-2024-4-min-scaled.jpg?fit=665%2C887&amp;ssl=1\" role=\"button\" tabindex=\"0\" aria-label=\"Apri immagine 2 di 19 a schermo intero\"srcset=\"https:\/\/i0.wp.com\/www.comitatoperlinate.info\/wp-content\/uploads\/2024\/11\/2024_Stand-alla-Festa-di-San-Carlo-3-11-2024-4-min-768x1024.jpg?strip=info&#038;w=600&#038;ssl=1 600w,https:\/\/i0.wp.com\/www.comitatoperlinate.info\/wp-content\/uploads\/2024\/11\/2024_Stand-alla-Festa-di-San-Carlo-3-11-2024-4-min-768x1024.jpg?strip=info&#038;w=900&#038;ssl=1 900w,https:\/\/i0.wp.com\/www.comitatoperlinate.info\/wp-content\/uploads\/2024\/11\/2024_Stand-alla-Festa-di-San-Carlo-3-11-2024-4-min-768x1024.jpg?strip=info&#038;w=1200&#038;ssl=1 1200w,https:\/\/i0.wp.com\/www.comitatoperlinate.info\/wp-content\/uploads\/2024\/11\/2024_Stand-alla-Festa-di-San-Carlo-3-11-2024-4-min-768x1024.jpg?strip=info&#038;w=1500&#038;ssl=1 1500w,https:\/\/i0.wp.com\/www.comitatoperlinate.info\/wp-content\/uploads\/2024\/11\/2024_Stand-alla-Festa-di-San-Carlo-3-11-2024-4-min-768x1024.jpg?strip=info&#038;w=1800&#038;ssl=1 1800w,https:\/\/i0.wp.com\/www.comitatoperlinate.info\/wp-content\/uploads\/2024\/11\/2024_Stand-alla-Festa-di-San-Carlo-3-11-2024-4-min-768x1024.jpg?strip=info&#038;w=1920&#038;ssl=1 1920w\" alt=\"\" data-height=\"2560\" data-id=\"4843\" data-link=\"https:\/\/www.comitatoperlinate.info\/?attachment_id=4843\" data-url=\"https:\/\/www.comitatoperlinate.info\/wp-content\/uploads\/2024\/11\/2024_Stand-alla-Festa-di-San-Carlo-3-11-2024-4-min-768x1024.jpg\" data-width=\"1920\" src=\"https:\/\/i0.wp.com\/www.comitatoperlinate.info\/wp-content\/uploads\/2024\/11\/2024_Stand-alla-Festa-di-San-Carlo-3-11-2024-4-min-768x1024.jpg?ssl=1\" data-amp-layout=\"responsive\" tabindex=\"0\" role=\"button\" aria-label=\"Apri immagine 2 di 19 a schermo intero\"\/><\/figure><\/div><div class=\"tiled-gallery__col\" style=\"flex-basis:25.00000%\"><figure class=\"tiled-gallery__item\"><img decoding=\"async\" data-attachment-id=\"4845\" data-permalink=\"https:\/\/www.comitatoperlinate.info\/index.php\/2024\/11\/05\/partecipazione-alla-festa-di-peschiera-borromeo-3-11-2024\/2024_stand-alla-festa-di-san-carlo-3-11-2024-6-min\/\" data-orig-file=\"https:\/\/i0.wp.com\/www.comitatoperlinate.info\/wp-content\/uploads\/2024\/11\/2024_Stand-alla-Festa-di-San-Carlo-3-11-2024-6-min-scaled.jpg?fit=1920%2C2560&amp;ssl=1\" data-orig-size=\"1920,2560\" data-comments-opened=\"1\" data-image-meta=\"{&quot;aperture&quot;:&quot;0&quot;,&quot;credit&quot;:&quot;&quot;,&quot;camera&quot;:&quot;&quot;,&quot;caption&quot;:&quot;&quot;,&quot;created_timestamp&quot;:&quot;0&quot;,&quot;copyright&quot;:&quot;&quot;,&quot;focal_length&quot;:&quot;0&quot;,&quot;iso&quot;:&quot;0&quot;,&quot;shutter_speed&quot;:&quot;0&quot;,&quot;title&quot;:&quot;&quot;,&quot;orientation&quot;:&quot;0&quot;}\" data-image-title=\"2024_Stand alla Festa di San Carlo 3-11-2024 (6)-min\" data-image-description=\"\" data-image-caption=\"\" data-large-file=\"https:\/\/i0.wp.com\/www.comitatoperlinate.info\/wp-content\/uploads\/2024\/11\/2024_Stand-alla-Festa-di-San-Carlo-3-11-2024-6-min-scaled.jpg?fit=665%2C887&amp;ssl=1\" data-attachment-id=\"4845\" data-permalink=\"https:\/\/www.comitatoperlinate.info\/index.php\/2024\/11\/05\/partecipazione-alla-festa-di-peschiera-borromeo-3-11-2024\/2024_stand-alla-festa-di-san-carlo-3-11-2024-6-min\/\" data-orig-file=\"https:\/\/i0.wp.com\/www.comitatoperlinate.info\/wp-content\/uploads\/2024\/11\/2024_Stand-alla-Festa-di-San-Carlo-3-11-2024-6-min-scaled.jpg?fit=1920%2C2560&amp;ssl=1\" data-orig-size=\"1920,2560\" data-comments-opened=\"1\" data-image-meta=\"{&quot;aperture&quot;:&quot;0&quot;,&quot;credit&quot;:&quot;&quot;,&quot;camera&quot;:&quot;&quot;,&quot;caption&quot;:&quot;&quot;,&quot;created_timestamp&quot;:&quot;0&quot;,&quot;copyright&quot;:&quot;&quot;,&quot;focal_length&quot;:&quot;0&quot;,&quot;iso&quot;:&quot;0&quot;,&quot;shutter_speed&quot;:&quot;0&quot;,&quot;title&quot;:&quot;&quot;,&quot;orientation&quot;:&quot;0&quot;}\" data-image-title=\"2024_Stand alla Festa di San Carlo 3-11-2024 (6)-min\" data-image-description=\"\" data-image-caption=\"\" data-large-file=\"https:\/\/i0.wp.com\/www.comitatoperlinate.info\/wp-content\/uploads\/2024\/11\/2024_Stand-alla-Festa-di-San-Carlo-3-11-2024-6-min-scaled.jpg?fit=665%2C887&amp;ssl=1\" role=\"button\" tabindex=\"0\" aria-label=\"Apri immagine 3 di 19 a schermo intero\"srcset=\"https:\/\/i1.wp.com\/www.comitatoperlinate.info\/wp-content\/uploads\/2024\/11\/2024_Stand-alla-Festa-di-San-Carlo-3-11-2024-6-min-768x1024.jpg?strip=info&#038;w=600&#038;ssl=1 600w,https:\/\/i1.wp.com\/www.comitatoperlinate.info\/wp-content\/uploads\/2024\/11\/2024_Stand-alla-Festa-di-San-Carlo-3-11-2024-6-min-768x1024.jpg?strip=info&#038;w=900&#038;ssl=1 900w,https:\/\/i1.wp.com\/www.comitatoperlinate.info\/wp-content\/uploads\/2024\/11\/2024_Stand-alla-Festa-di-San-Carlo-3-11-2024-6-min-768x1024.jpg?strip=info&#038;w=1200&#038;ssl=1 1200w,https:\/\/i1.wp.com\/www.comitatoperlinate.info\/wp-content\/uploads\/2024\/11\/2024_Stand-alla-Festa-di-San-Carlo-3-11-2024-6-min-768x1024.jpg?strip=info&#038;w=1500&#038;ssl=1 1500w,https:\/\/i1.wp.com\/www.comitatoperlinate.info\/wp-content\/uploads\/2024\/11\/2024_Stand-alla-Festa-di-San-Carlo-3-11-2024-6-min-768x1024.jpg?strip=info&#038;w=1800&#038;ssl=1 1800w,https:\/\/i1.wp.com\/www.comitatoperlinate.info\/wp-content\/uploads\/2024\/11\/2024_Stand-alla-Festa-di-San-Carlo-3-11-2024-6-min-768x1024.jpg?strip=info&#038;w=1920&#038;ssl=1 1920w\" alt=\"\" data-height=\"2560\" data-id=\"4845\" data-link=\"https:\/\/www.comitatoperlinate.info\/?attachment_id=4845\" data-url=\"https:\/\/www.comitatoperlinate.info\/wp-content\/uploads\/2024\/11\/2024_Stand-alla-Festa-di-San-Carlo-3-11-2024-6-min-768x1024.jpg\" data-width=\"1920\" src=\"https:\/\/i1.wp.com\/www.comitatoperlinate.info\/wp-content\/uploads\/2024\/11\/2024_Stand-alla-Festa-di-San-Carlo-3-11-2024-6-min-768x1024.jpg?ssl=1\" data-amp-layout=\"responsive\" tabindex=\"0\" role=\"button\" aria-label=\"Apri immagine 3 di 19 a schermo intero\"\/><\/figure><\/div><div class=\"tiled-gallery__col\" style=\"flex-basis:25.00000%\"><figure class=\"tiled-gallery__item\"><img decoding=\"async\" data-attachment-id=\"4846\" data-permalink=\"https:\/\/www.comitatoperlinate.info\/index.php\/2024\/11\/05\/partecipazione-alla-festa-di-peschiera-borromeo-3-11-2024\/2024_stand-alla-festa-di-san-carlo-3-11-2024-8-min\/\" data-orig-file=\"https:\/\/i0.wp.com\/www.comitatoperlinate.info\/wp-content\/uploads\/2024\/11\/2024_Stand-alla-Festa-di-San-Carlo-3-11-2024-8-min-scaled.jpg?fit=1920%2C2560&amp;ssl=1\" data-orig-size=\"1920,2560\" data-comments-opened=\"1\" data-image-meta=\"{&quot;aperture&quot;:&quot;0&quot;,&quot;credit&quot;:&quot;&quot;,&quot;camera&quot;:&quot;&quot;,&quot;caption&quot;:&quot;&quot;,&quot;created_timestamp&quot;:&quot;0&quot;,&quot;copyright&quot;:&quot;&quot;,&quot;focal_length&quot;:&quot;0&quot;,&quot;iso&quot;:&quot;0&quot;,&quot;shutter_speed&quot;:&quot;0&quot;,&quot;title&quot;:&quot;&quot;,&quot;orientation&quot;:&quot;0&quot;}\" data-image-title=\"2024_Stand alla Festa di San Carlo 3-11-2024 (8)-min\" data-image-description=\"\" data-image-caption=\"\" data-large-file=\"https:\/\/i0.wp.com\/www.comitatoperlinate.info\/wp-content\/uploads\/2024\/11\/2024_Stand-alla-Festa-di-San-Carlo-3-11-2024-8-min-scaled.jpg?fit=665%2C887&amp;ssl=1\" data-attachment-id=\"4846\" data-permalink=\"https:\/\/www.comitatoperlinate.info\/index.php\/2024\/11\/05\/partecipazione-alla-festa-di-peschiera-borromeo-3-11-2024\/2024_stand-alla-festa-di-san-carlo-3-11-2024-8-min\/\" data-orig-file=\"https:\/\/i0.wp.com\/www.comitatoperlinate.info\/wp-content\/uploads\/2024\/11\/2024_Stand-alla-Festa-di-San-Carlo-3-11-2024-8-min-scaled.jpg?fit=1920%2C2560&amp;ssl=1\" data-orig-size=\"1920,2560\" data-comments-opened=\"1\" data-image-meta=\"{&quot;aperture&quot;:&quot;0&quot;,&quot;credit&quot;:&quot;&quot;,&quot;camera&quot;:&quot;&quot;,&quot;caption&quot;:&quot;&quot;,&quot;created_timestamp&quot;:&quot;0&quot;,&quot;copyright&quot;:&quot;&quot;,&quot;focal_length&quot;:&quot;0&quot;,&quot;iso&quot;:&quot;0&quot;,&quot;shutter_speed&quot;:&quot;0&quot;,&quot;title&quot;:&quot;&quot;,&quot;orientation&quot;:&quot;0&quot;}\" data-image-title=\"2024_Stand alla Festa di San Carlo 3-11-2024 (8)-min\" data-image-description=\"\" data-image-caption=\"\" data-large-file=\"https:\/\/i0.wp.com\/www.comitatoperlinate.info\/wp-content\/uploads\/2024\/11\/2024_Stand-alla-Festa-di-San-Carlo-3-11-2024-8-min-scaled.jpg?fit=665%2C887&amp;ssl=1\" role=\"button\" tabindex=\"0\" aria-label=\"Apri immagine 4 di 19 a schermo intero\"srcset=\"https:\/\/i1.wp.com\/www.comitatoperlinate.info\/wp-content\/uploads\/2024\/11\/2024_Stand-alla-Festa-di-San-Carlo-3-11-2024-8-min-768x1024.jpg?strip=info&#038;w=600&#038;ssl=1 600w,https:\/\/i1.wp.com\/www.comitatoperlinate.info\/wp-content\/uploads\/2024\/11\/2024_Stand-alla-Festa-di-San-Carlo-3-11-2024-8-min-768x1024.jpg?strip=info&#038;w=900&#038;ssl=1 900w,https:\/\/i1.wp.com\/www.comitatoperlinate.info\/wp-content\/uploads\/2024\/11\/2024_Stand-alla-Festa-di-San-Carlo-3-11-2024-8-min-768x1024.jpg?strip=info&#038;w=1200&#038;ssl=1 1200w,https:\/\/i1.wp.com\/www.comitatoperlinate.info\/wp-content\/uploads\/2024\/11\/2024_Stand-alla-Festa-di-San-Carlo-3-11-2024-8-min-768x1024.jpg?strip=info&#038;w=1500&#038;ssl=1 1500w,https:\/\/i1.wp.com\/www.comitatoperlinate.info\/wp-content\/uploads\/2024\/11\/2024_Stand-alla-Festa-di-San-Carlo-3-11-2024-8-min-768x1024.jpg?strip=info&#038;w=1800&#038;ssl=1 1800w,https:\/\/i1.wp.com\/www.comitatoperlinate.info\/wp-content\/uploads\/2024\/11\/2024_Stand-alla-Festa-di-San-Carlo-3-11-2024-8-min-768x1024.jpg?strip=info&#038;w=1920&#038;ssl=1 1920w\" alt=\"\" data-height=\"2560\" data-id=\"4846\" data-link=\"https:\/\/www.comitatoperlinate.info\/?attachment_id=4846\" data-url=\"https:\/\/www.comitatoperlinate.info\/wp-content\/uploads\/2024\/11\/2024_Stand-alla-Festa-di-San-Carlo-3-11-2024-8-min-768x1024.jpg\" data-width=\"1920\" src=\"https:\/\/i1.wp.com\/www.comitatoperlinate.info\/wp-content\/uploads\/2024\/11\/2024_Stand-alla-Festa-di-San-Carlo-3-11-2024-8-min-768x1024.jpg?ssl=1\" data-amp-layout=\"responsive\" tabindex=\"0\" role=\"button\" aria-label=\"Apri immagine 4 di 19 a schermo intero\"\/><\/figure><\/div><\/div><div class=\"tiled-gallery__row\"><div class=\"tiled-gallery__col\" style=\"flex-basis:50.00000%\"><figure class=\"tiled-gallery__item\"><img decoding=\"async\" data-attachment-id=\"4847\" data-permalink=\"https:\/\/www.comitatoperlinate.info\/index.php\/2024\/11\/05\/partecipazione-alla-festa-di-peschiera-borromeo-3-11-2024\/2024_stand-alla-festa-di-san-carlo-3-11-2024-9-min\/\" data-orig-file=\"https:\/\/i0.wp.com\/www.comitatoperlinate.info\/wp-content\/uploads\/2024\/11\/2024_Stand-alla-Festa-di-San-Carlo-3-11-2024-9-min-scaled.jpg?fit=1920%2C2560&amp;ssl=1\" data-orig-size=\"1920,2560\" data-comments-opened=\"1\" data-image-meta=\"{&quot;aperture&quot;:&quot;0&quot;,&quot;credit&quot;:&quot;&quot;,&quot;camera&quot;:&quot;&quot;,&quot;caption&quot;:&quot;&quot;,&quot;created_timestamp&quot;:&quot;0&quot;,&quot;copyright&quot;:&quot;&quot;,&quot;focal_length&quot;:&quot;0&quot;,&quot;iso&quot;:&quot;0&quot;,&quot;shutter_speed&quot;:&quot;0&quot;,&quot;title&quot;:&quot;&quot;,&quot;orientation&quot;:&quot;0&quot;}\" data-image-title=\"2024_Stand alla Festa di San Carlo 3-11-2024 (9)-min\" data-image-description=\"\" data-image-caption=\"\" data-large-file=\"https:\/\/i0.wp.com\/www.comitatoperlinate.info\/wp-content\/uploads\/2024\/11\/2024_Stand-alla-Festa-di-San-Carlo-3-11-2024-9-min-scaled.jpg?fit=665%2C887&amp;ssl=1\" data-attachment-id=\"4847\" data-permalink=\"https:\/\/www.comitatoperlinate.info\/index.php\/2024\/11\/05\/partecipazione-alla-festa-di-peschiera-borromeo-3-11-2024\/2024_stand-alla-festa-di-san-carlo-3-11-2024-9-min\/\" data-orig-file=\"https:\/\/i0.wp.com\/www.comitatoperlinate.info\/wp-content\/uploads\/2024\/11\/2024_Stand-alla-Festa-di-San-Carlo-3-11-2024-9-min-scaled.jpg?fit=1920%2C2560&amp;ssl=1\" data-orig-size=\"1920,2560\" data-comments-opened=\"1\" data-image-meta=\"{&quot;aperture&quot;:&quot;0&quot;,&quot;credit&quot;:&quot;&quot;,&quot;camera&quot;:&quot;&quot;,&quot;caption&quot;:&quot;&quot;,&quot;created_timestamp&quot;:&quot;0&quot;,&quot;copyright&quot;:&quot;&quot;,&quot;focal_length&quot;:&quot;0&quot;,&quot;iso&quot;:&quot;0&quot;,&quot;shutter_speed&quot;:&quot;0&quot;,&quot;title&quot;:&quot;&quot;,&quot;orientation&quot;:&quot;0&quot;}\" data-image-title=\"2024_Stand alla Festa di San Carlo 3-11-2024 (9)-min\" data-image-description=\"\" data-image-caption=\"\" data-large-file=\"https:\/\/i0.wp.com\/www.comitatoperlinate.info\/wp-content\/uploads\/2024\/11\/2024_Stand-alla-Festa-di-San-Carlo-3-11-2024-9-min-scaled.jpg?fit=665%2C887&amp;ssl=1\" role=\"button\" tabindex=\"0\" aria-label=\"Apri immagine 5 di 19 a schermo intero\"srcset=\"https:\/\/i1.wp.com\/www.comitatoperlinate.info\/wp-content\/uploads\/2024\/11\/2024_Stand-alla-Festa-di-San-Carlo-3-11-2024-9-min-768x1024.jpg?strip=info&#038;w=600&#038;ssl=1 600w,https:\/\/i1.wp.com\/www.comitatoperlinate.info\/wp-content\/uploads\/2024\/11\/2024_Stand-alla-Festa-di-San-Carlo-3-11-2024-9-min-768x1024.jpg?strip=info&#038;w=900&#038;ssl=1 900w,https:\/\/i1.wp.com\/www.comitatoperlinate.info\/wp-content\/uploads\/2024\/11\/2024_Stand-alla-Festa-di-San-Carlo-3-11-2024-9-min-768x1024.jpg?strip=info&#038;w=1200&#038;ssl=1 1200w,https:\/\/i1.wp.com\/www.comitatoperlinate.info\/wp-content\/uploads\/2024\/11\/2024_Stand-alla-Festa-di-San-Carlo-3-11-2024-9-min-768x1024.jpg?strip=info&#038;w=1500&#038;ssl=1 1500w,https:\/\/i1.wp.com\/www.comitatoperlinate.info\/wp-content\/uploads\/2024\/11\/2024_Stand-alla-Festa-di-San-Carlo-3-11-2024-9-min-768x1024.jpg?strip=info&#038;w=1800&#038;ssl=1 1800w,https:\/\/i1.wp.com\/www.comitatoperlinate.info\/wp-content\/uploads\/2024\/11\/2024_Stand-alla-Festa-di-San-Carlo-3-11-2024-9-min-768x1024.jpg?strip=info&#038;w=1920&#038;ssl=1 1920w\" alt=\"\" data-height=\"2560\" data-id=\"4847\" data-link=\"https:\/\/www.comitatoperlinate.info\/?attachment_id=4847\" data-url=\"https:\/\/www.comitatoperlinate.info\/wp-content\/uploads\/2024\/11\/2024_Stand-alla-Festa-di-San-Carlo-3-11-2024-9-min-768x1024.jpg\" data-width=\"1920\" src=\"https:\/\/i1.wp.com\/www.comitatoperlinate.info\/wp-content\/uploads\/2024\/11\/2024_Stand-alla-Festa-di-San-Carlo-3-11-2024-9-min-768x1024.jpg?ssl=1\" data-amp-layout=\"responsive\" tabindex=\"0\" role=\"button\" aria-label=\"Apri immagine 5 di 19 a schermo intero\"\/><\/figure><\/div><div class=\"tiled-gallery__col\" style=\"flex-basis:50.00000%\"><figure class=\"tiled-gallery__item\"><img decoding=\"async\" data-attachment-id=\"4848\" data-permalink=\"https:\/\/www.comitatoperlinate.info\/index.php\/2024\/11\/05\/partecipazione-alla-festa-di-peschiera-borromeo-3-11-2024\/2024_stand-alla-festa-di-san-carlo-3-11-2024-10-min\/\" data-orig-file=\"https:\/\/i0.wp.com\/www.comitatoperlinate.info\/wp-content\/uploads\/2024\/11\/2024_Stand-alla-Festa-di-San-Carlo-3-11-2024-10-min-scaled.jpg?fit=1920%2C2560&amp;ssl=1\" data-orig-size=\"1920,2560\" data-comments-opened=\"1\" data-image-meta=\"{&quot;aperture&quot;:&quot;0&quot;,&quot;credit&quot;:&quot;&quot;,&quot;camera&quot;:&quot;&quot;,&quot;caption&quot;:&quot;&quot;,&quot;created_timestamp&quot;:&quot;0&quot;,&quot;copyright&quot;:&quot;&quot;,&quot;focal_length&quot;:&quot;0&quot;,&quot;iso&quot;:&quot;0&quot;,&quot;shutter_speed&quot;:&quot;0&quot;,&quot;title&quot;:&quot;&quot;,&quot;orientation&quot;:&quot;0&quot;}\" data-image-title=\"2024_Stand alla Festa di San Carlo 3-11-2024 (10)-min\" data-image-description=\"\" data-image-caption=\"\" data-large-file=\"https:\/\/i0.wp.com\/www.comitatoperlinate.info\/wp-content\/uploads\/2024\/11\/2024_Stand-alla-Festa-di-San-Carlo-3-11-2024-10-min-scaled.jpg?fit=665%2C887&amp;ssl=1\" data-attachment-id=\"4848\" data-permalink=\"https:\/\/www.comitatoperlinate.info\/index.php\/2024\/11\/05\/partecipazione-alla-festa-di-peschiera-borromeo-3-11-2024\/2024_stand-alla-festa-di-san-carlo-3-11-2024-10-min\/\" data-orig-file=\"https:\/\/i0.wp.com\/www.comitatoperlinate.info\/wp-content\/uploads\/2024\/11\/2024_Stand-alla-Festa-di-San-Carlo-3-11-2024-10-min-scaled.jpg?fit=1920%2C2560&amp;ssl=1\" data-orig-size=\"1920,2560\" data-comments-opened=\"1\" data-image-meta=\"{&quot;aperture&quot;:&quot;0&quot;,&quot;credit&quot;:&quot;&quot;,&quot;camera&quot;:&quot;&quot;,&quot;caption&quot;:&quot;&quot;,&quot;created_timestamp&quot;:&quot;0&quot;,&quot;copyright&quot;:&quot;&quot;,&quot;focal_length&quot;:&quot;0&quot;,&quot;iso&quot;:&quot;0&quot;,&quot;shutter_speed&quot;:&quot;0&quot;,&quot;title&quot;:&quot;&quot;,&quot;orientation&quot;:&quot;0&quot;}\" data-image-title=\"2024_Stand alla Festa di San Carlo 3-11-2024 (10)-min\" data-image-description=\"\" data-image-caption=\"\" data-large-file=\"https:\/\/i0.wp.com\/www.comitatoperlinate.info\/wp-content\/uploads\/2024\/11\/2024_Stand-alla-Festa-di-San-Carlo-3-11-2024-10-min-scaled.jpg?fit=665%2C887&amp;ssl=1\" role=\"button\" tabindex=\"0\" aria-label=\"Apri immagine 6 di 19 a schermo intero\"srcset=\"https:\/\/i1.wp.com\/www.comitatoperlinate.info\/wp-content\/uploads\/2024\/11\/2024_Stand-alla-Festa-di-San-Carlo-3-11-2024-10-min-768x1024.jpg?strip=info&#038;w=600&#038;ssl=1 600w,https:\/\/i1.wp.com\/www.comitatoperlinate.info\/wp-content\/uploads\/2024\/11\/2024_Stand-alla-Festa-di-San-Carlo-3-11-2024-10-min-768x1024.jpg?strip=info&#038;w=900&#038;ssl=1 900w,https:\/\/i1.wp.com\/www.comitatoperlinate.info\/wp-content\/uploads\/2024\/11\/2024_Stand-alla-Festa-di-San-Carlo-3-11-2024-10-min-768x1024.jpg?strip=info&#038;w=1200&#038;ssl=1 1200w,https:\/\/i1.wp.com\/www.comitatoperlinate.info\/wp-content\/uploads\/2024\/11\/2024_Stand-alla-Festa-di-San-Carlo-3-11-2024-10-min-768x1024.jpg?strip=info&#038;w=1500&#038;ssl=1 1500w,https:\/\/i1.wp.com\/www.comitatoperlinate.info\/wp-content\/uploads\/2024\/11\/2024_Stand-alla-Festa-di-San-Carlo-3-11-2024-10-min-768x1024.jpg?strip=info&#038;w=1800&#038;ssl=1 1800w,https:\/\/i1.wp.com\/www.comitatoperlinate.info\/wp-content\/uploads\/2024\/11\/2024_Stand-alla-Festa-di-San-Carlo-3-11-2024-10-min-768x1024.jpg?strip=info&#038;w=1920&#038;ssl=1 1920w\" alt=\"\" data-height=\"2560\" data-id=\"4848\" data-link=\"https:\/\/www.comitatoperlinate.info\/?attachment_id=4848\" data-url=\"https:\/\/www.comitatoperlinate.info\/wp-content\/uploads\/2024\/11\/2024_Stand-alla-Festa-di-San-Carlo-3-11-2024-10-min-768x1024.jpg\" data-width=\"1920\" src=\"https:\/\/i1.wp.com\/www.comitatoperlinate.info\/wp-content\/uploads\/2024\/11\/2024_Stand-alla-Festa-di-San-Carlo-3-11-2024-10-min-768x1024.jpg?ssl=1\" data-amp-layout=\"responsive\" tabindex=\"0\" role=\"button\" aria-label=\"Apri immagine 6 di 19 a schermo intero\"\/><\/figure><\/div><\/div><div class=\"tiled-gallery__row\"><div class=\"tiled-gallery__col\" style=\"flex-basis:66.77402%\"><figure class=\"tiled-gallery__item\"><img decoding=\"async\" data-attachment-id=\"4849\" data-permalink=\"https:\/\/www.comitatoperlinate.info\/index.php\/2024\/11\/05\/partecipazione-alla-festa-di-peschiera-borromeo-3-11-2024\/2024_stand-alla-festa-di-san-carlo-3-11-2024-11-min\/\" data-orig-file=\"https:\/\/i0.wp.com\/www.comitatoperlinate.info\/wp-content\/uploads\/2024\/11\/2024_Stand-alla-Festa-di-San-Carlo-3-11-2024-11-min-scaled.jpg?fit=2560%2C1920&amp;ssl=1\" data-orig-size=\"2560,1920\" data-comments-opened=\"1\" data-image-meta=\"{&quot;aperture&quot;:&quot;0&quot;,&quot;credit&quot;:&quot;&quot;,&quot;camera&quot;:&quot;&quot;,&quot;caption&quot;:&quot;&quot;,&quot;created_timestamp&quot;:&quot;0&quot;,&quot;copyright&quot;:&quot;&quot;,&quot;focal_length&quot;:&quot;0&quot;,&quot;iso&quot;:&quot;0&quot;,&quot;shutter_speed&quot;:&quot;0&quot;,&quot;title&quot;:&quot;&quot;,&quot;orientation&quot;:&quot;0&quot;}\" data-image-title=\"2024_Stand alla Festa di San Carlo 3-11-2024 (11)-min\" data-image-description=\"\" data-image-caption=\"\" data-large-file=\"https:\/\/i0.wp.com\/www.comitatoperlinate.info\/wp-content\/uploads\/2024\/11\/2024_Stand-alla-Festa-di-San-Carlo-3-11-2024-11-min-scaled.jpg?fit=665%2C499&amp;ssl=1\" data-attachment-id=\"4849\" data-permalink=\"https:\/\/www.comitatoperlinate.info\/index.php\/2024\/11\/05\/partecipazione-alla-festa-di-peschiera-borromeo-3-11-2024\/2024_stand-alla-festa-di-san-carlo-3-11-2024-11-min\/\" data-orig-file=\"https:\/\/i0.wp.com\/www.comitatoperlinate.info\/wp-content\/uploads\/2024\/11\/2024_Stand-alla-Festa-di-San-Carlo-3-11-2024-11-min-scaled.jpg?fit=2560%2C1920&amp;ssl=1\" data-orig-size=\"2560,1920\" data-comments-opened=\"1\" data-image-meta=\"{&quot;aperture&quot;:&quot;0&quot;,&quot;credit&quot;:&quot;&quot;,&quot;camera&quot;:&quot;&quot;,&quot;caption&quot;:&quot;&quot;,&quot;created_timestamp&quot;:&quot;0&quot;,&quot;copyright&quot;:&quot;&quot;,&quot;focal_length&quot;:&quot;0&quot;,&quot;iso&quot;:&quot;0&quot;,&quot;shutter_speed&quot;:&quot;0&quot;,&quot;title&quot;:&quot;&quot;,&quot;orientation&quot;:&quot;0&quot;}\" data-image-title=\"2024_Stand alla Festa di San Carlo 3-11-2024 (11)-min\" data-image-description=\"\" data-image-caption=\"\" data-large-file=\"https:\/\/i0.wp.com\/www.comitatoperlinate.info\/wp-content\/uploads\/2024\/11\/2024_Stand-alla-Festa-di-San-Carlo-3-11-2024-11-min-scaled.jpg?fit=665%2C499&amp;ssl=1\" role=\"button\" tabindex=\"0\" aria-label=\"Apri immagine 7 di 19 a schermo intero\"srcset=\"https:\/\/i2.wp.com\/www.comitatoperlinate.info\/wp-content\/uploads\/2024\/11\/2024_Stand-alla-Festa-di-San-Carlo-3-11-2024-11-min-1024x768.jpg?strip=info&#038;w=600&#038;ssl=1 600w,https:\/\/i2.wp.com\/www.comitatoperlinate.info\/wp-content\/uploads\/2024\/11\/2024_Stand-alla-Festa-di-San-Carlo-3-11-2024-11-min-1024x768.jpg?strip=info&#038;w=900&#038;ssl=1 900w,https:\/\/i2.wp.com\/www.comitatoperlinate.info\/wp-content\/uploads\/2024\/11\/2024_Stand-alla-Festa-di-San-Carlo-3-11-2024-11-min-1024x768.jpg?strip=info&#038;w=1200&#038;ssl=1 1200w,https:\/\/i2.wp.com\/www.comitatoperlinate.info\/wp-content\/uploads\/2024\/11\/2024_Stand-alla-Festa-di-San-Carlo-3-11-2024-11-min-1024x768.jpg?strip=info&#038;w=1500&#038;ssl=1 1500w,https:\/\/i2.wp.com\/www.comitatoperlinate.info\/wp-content\/uploads\/2024\/11\/2024_Stand-alla-Festa-di-San-Carlo-3-11-2024-11-min-1024x768.jpg?strip=info&#038;w=1800&#038;ssl=1 1800w,https:\/\/i2.wp.com\/www.comitatoperlinate.info\/wp-content\/uploads\/2024\/11\/2024_Stand-alla-Festa-di-San-Carlo-3-11-2024-11-min-1024x768.jpg?strip=info&#038;w=2000&#038;ssl=1 2000w\" alt=\"\" data-height=\"1920\" data-id=\"4849\" data-link=\"https:\/\/www.comitatoperlinate.info\/?attachment_id=4849\" data-url=\"https:\/\/www.comitatoperlinate.info\/wp-content\/uploads\/2024\/11\/2024_Stand-alla-Festa-di-San-Carlo-3-11-2024-11-min-1024x768.jpg\" data-width=\"2560\" src=\"https:\/\/i2.wp.com\/www.comitatoperlinate.info\/wp-content\/uploads\/2024\/11\/2024_Stand-alla-Festa-di-San-Carlo-3-11-2024-11-min-1024x768.jpg?ssl=1\" data-amp-layout=\"responsive\" tabindex=\"0\" role=\"button\" aria-label=\"Apri immagine 7 di 19 a schermo intero\"\/><\/figure><\/div><div class=\"tiled-gallery__col\" style=\"flex-basis:33.22598%\"><figure class=\"tiled-gallery__item\"><img decoding=\"async\" data-attachment-id=\"4850\" data-permalink=\"https:\/\/www.comitatoperlinate.info\/index.php\/2024\/11\/05\/partecipazione-alla-festa-di-peschiera-borromeo-3-11-2024\/2024_stand-alla-festa-di-san-carlo-3-11-2024-13-min\/\" data-orig-file=\"https:\/\/i0.wp.com\/www.comitatoperlinate.info\/wp-content\/uploads\/2024\/11\/2024_Stand-alla-Festa-di-San-Carlo-3-11-2024-13-min-scaled.jpg?fit=2560%2C1920&amp;ssl=1\" data-orig-size=\"2560,1920\" data-comments-opened=\"1\" data-image-meta=\"{&quot;aperture&quot;:&quot;0&quot;,&quot;credit&quot;:&quot;&quot;,&quot;camera&quot;:&quot;&quot;,&quot;caption&quot;:&quot;&quot;,&quot;created_timestamp&quot;:&quot;0&quot;,&quot;copyright&quot;:&quot;&quot;,&quot;focal_length&quot;:&quot;0&quot;,&quot;iso&quot;:&quot;0&quot;,&quot;shutter_speed&quot;:&quot;0&quot;,&quot;title&quot;:&quot;&quot;,&quot;orientation&quot;:&quot;0&quot;}\" data-image-title=\"2024_Stand alla Festa di San Carlo 3-11-2024 (13)-min\" data-image-description=\"\" data-image-caption=\"\" data-large-file=\"https:\/\/i0.wp.com\/www.comitatoperlinate.info\/wp-content\/uploads\/2024\/11\/2024_Stand-alla-Festa-di-San-Carlo-3-11-2024-13-min-scaled.jpg?fit=665%2C499&amp;ssl=1\" data-attachment-id=\"4850\" data-permalink=\"https:\/\/www.comitatoperlinate.info\/index.php\/2024\/11\/05\/partecipazione-alla-festa-di-peschiera-borromeo-3-11-2024\/2024_stand-alla-festa-di-san-carlo-3-11-2024-13-min\/\" data-orig-file=\"https:\/\/i0.wp.com\/www.comitatoperlinate.info\/wp-content\/uploads\/2024\/11\/2024_Stand-alla-Festa-di-San-Carlo-3-11-2024-13-min-scaled.jpg?fit=2560%2C1920&amp;ssl=1\" data-orig-size=\"2560,1920\" data-comments-opened=\"1\" data-image-meta=\"{&quot;aperture&quot;:&quot;0&quot;,&quot;credit&quot;:&quot;&quot;,&quot;camera&quot;:&quot;&quot;,&quot;caption&quot;:&quot;&quot;,&quot;created_timestamp&quot;:&quot;0&quot;,&quot;copyright&quot;:&quot;&quot;,&quot;focal_length&quot;:&quot;0&quot;,&quot;iso&quot;:&quot;0&quot;,&quot;shutter_speed&quot;:&quot;0&quot;,&quot;title&quot;:&quot;&quot;,&quot;orientation&quot;:&quot;0&quot;}\" data-image-title=\"2024_Stand alla Festa di San Carlo 3-11-2024 (13)-min\" data-image-description=\"\" data-image-caption=\"\" data-large-file=\"https:\/\/i0.wp.com\/www.comitatoperlinate.info\/wp-content\/uploads\/2024\/11\/2024_Stand-alla-Festa-di-San-Carlo-3-11-2024-13-min-scaled.jpg?fit=665%2C499&amp;ssl=1\" role=\"button\" tabindex=\"0\" aria-label=\"Apri immagine 8 di 19 a schermo intero\"srcset=\"https:\/\/i1.wp.com\/www.comitatoperlinate.info\/wp-content\/uploads\/2024\/11\/2024_Stand-alla-Festa-di-San-Carlo-3-11-2024-13-min-1024x768.jpg?strip=info&#038;w=600&#038;ssl=1 600w,https:\/\/i1.wp.com\/www.comitatoperlinate.info\/wp-content\/uploads\/2024\/11\/2024_Stand-alla-Festa-di-San-Carlo-3-11-2024-13-min-1024x768.jpg?strip=info&#038;w=900&#038;ssl=1 900w,https:\/\/i1.wp.com\/www.comitatoperlinate.info\/wp-content\/uploads\/2024\/11\/2024_Stand-alla-Festa-di-San-Carlo-3-11-2024-13-min-1024x768.jpg?strip=info&#038;w=1200&#038;ssl=1 1200w,https:\/\/i1.wp.com\/www.comitatoperlinate.info\/wp-content\/uploads\/2024\/11\/2024_Stand-alla-Festa-di-San-Carlo-3-11-2024-13-min-1024x768.jpg?strip=info&#038;w=1500&#038;ssl=1 1500w,https:\/\/i1.wp.com\/www.comitatoperlinate.info\/wp-content\/uploads\/2024\/11\/2024_Stand-alla-Festa-di-San-Carlo-3-11-2024-13-min-1024x768.jpg?strip=info&#038;w=1800&#038;ssl=1 1800w,https:\/\/i1.wp.com\/www.comitatoperlinate.info\/wp-content\/uploads\/2024\/11\/2024_Stand-alla-Festa-di-San-Carlo-3-11-2024-13-min-1024x768.jpg?strip=info&#038;w=2000&#038;ssl=1 2000w\" alt=\"\" data-height=\"1920\" data-id=\"4850\" data-link=\"https:\/\/www.comitatoperlinate.info\/?attachment_id=4850\" data-url=\"https:\/\/www.comitatoperlinate.info\/wp-content\/uploads\/2024\/11\/2024_Stand-alla-Festa-di-San-Carlo-3-11-2024-13-min-1024x768.jpg\" data-width=\"2560\" src=\"https:\/\/i1.wp.com\/www.comitatoperlinate.info\/wp-content\/uploads\/2024\/11\/2024_Stand-alla-Festa-di-San-Carlo-3-11-2024-13-min-1024x768.jpg?ssl=1\" data-amp-layout=\"responsive\" tabindex=\"0\" role=\"button\" aria-label=\"Apri immagine 8 di 19 a schermo intero\"\/><\/figure><figure class=\"tiled-gallery__item\"><img decoding=\"async\" data-attachment-id=\"4851\" data-permalink=\"https:\/\/www.comitatoperlinate.info\/index.php\/2024\/11\/05\/partecipazione-alla-festa-di-peschiera-borromeo-3-11-2024\/2024_stand-alla-festa-di-san-carlo-3-11-2024-14-min\/\" data-orig-file=\"https:\/\/i0.wp.com\/www.comitatoperlinate.info\/wp-content\/uploads\/2024\/11\/2024_Stand-alla-Festa-di-San-Carlo-3-11-2024-14-min-scaled.jpg?fit=2560%2C1920&amp;ssl=1\" data-orig-size=\"2560,1920\" data-comments-opened=\"1\" data-image-meta=\"{&quot;aperture&quot;:&quot;0&quot;,&quot;credit&quot;:&quot;&quot;,&quot;camera&quot;:&quot;&quot;,&quot;caption&quot;:&quot;&quot;,&quot;created_timestamp&quot;:&quot;0&quot;,&quot;copyright&quot;:&quot;&quot;,&quot;focal_length&quot;:&quot;0&quot;,&quot;iso&quot;:&quot;0&quot;,&quot;shutter_speed&quot;:&quot;0&quot;,&quot;title&quot;:&quot;&quot;,&quot;orientation&quot;:&quot;0&quot;}\" data-image-title=\"2024_Stand alla Festa di San Carlo 3-11-2024 (14)-min\" data-image-description=\"\" data-image-caption=\"\" data-large-file=\"https:\/\/i0.wp.com\/www.comitatoperlinate.info\/wp-content\/uploads\/2024\/11\/2024_Stand-alla-Festa-di-San-Carlo-3-11-2024-14-min-scaled.jpg?fit=665%2C499&amp;ssl=1\" data-attachment-id=\"4851\" data-permalink=\"https:\/\/www.comitatoperlinate.info\/index.php\/2024\/11\/05\/partecipazione-alla-festa-di-peschiera-borromeo-3-11-2024\/2024_stand-alla-festa-di-san-carlo-3-11-2024-14-min\/\" data-orig-file=\"https:\/\/i0.wp.com\/www.comitatoperlinate.info\/wp-content\/uploads\/2024\/11\/2024_Stand-alla-Festa-di-San-Carlo-3-11-2024-14-min-scaled.jpg?fit=2560%2C1920&amp;ssl=1\" data-orig-size=\"2560,1920\" data-comments-opened=\"1\" data-image-meta=\"{&quot;aperture&quot;:&quot;0&quot;,&quot;credit&quot;:&quot;&quot;,&quot;camera&quot;:&quot;&quot;,&quot;caption&quot;:&quot;&quot;,&quot;created_timestamp&quot;:&quot;0&quot;,&quot;copyright&quot;:&quot;&quot;,&quot;focal_length&quot;:&quot;0&quot;,&quot;iso&quot;:&quot;0&quot;,&quot;shutter_speed&quot;:&quot;0&quot;,&quot;title&quot;:&quot;&quot;,&quot;orientation&quot;:&quot;0&quot;}\" data-image-title=\"2024_Stand alla Festa di San Carlo 3-11-2024 (14)-min\" data-image-description=\"\" data-image-caption=\"\" data-large-file=\"https:\/\/i0.wp.com\/www.comitatoperlinate.info\/wp-content\/uploads\/2024\/11\/2024_Stand-alla-Festa-di-San-Carlo-3-11-2024-14-min-scaled.jpg?fit=665%2C499&amp;ssl=1\" role=\"button\" tabindex=\"0\" aria-label=\"Apri immagine 9 di 19 a schermo intero\"srcset=\"https:\/\/i0.wp.com\/www.comitatoperlinate.info\/wp-content\/uploads\/2024\/11\/2024_Stand-alla-Festa-di-San-Carlo-3-11-2024-14-min-1024x768.jpg?strip=info&#038;w=600&#038;ssl=1 600w,https:\/\/i0.wp.com\/www.comitatoperlinate.info\/wp-content\/uploads\/2024\/11\/2024_Stand-alla-Festa-di-San-Carlo-3-11-2024-14-min-1024x768.jpg?strip=info&#038;w=900&#038;ssl=1 900w,https:\/\/i0.wp.com\/www.comitatoperlinate.info\/wp-content\/uploads\/2024\/11\/2024_Stand-alla-Festa-di-San-Carlo-3-11-2024-14-min-1024x768.jpg?strip=info&#038;w=1200&#038;ssl=1 1200w,https:\/\/i0.wp.com\/www.comitatoperlinate.info\/wp-content\/uploads\/2024\/11\/2024_Stand-alla-Festa-di-San-Carlo-3-11-2024-14-min-1024x768.jpg?strip=info&#038;w=1500&#038;ssl=1 1500w,https:\/\/i0.wp.com\/www.comitatoperlinate.info\/wp-content\/uploads\/2024\/11\/2024_Stand-alla-Festa-di-San-Carlo-3-11-2024-14-min-1024x768.jpg?strip=info&#038;w=1800&#038;ssl=1 1800w,https:\/\/i0.wp.com\/www.comitatoperlinate.info\/wp-content\/uploads\/2024\/11\/2024_Stand-alla-Festa-di-San-Carlo-3-11-2024-14-min-1024x768.jpg?strip=info&#038;w=2000&#038;ssl=1 2000w\" alt=\"\" data-height=\"1920\" data-id=\"4851\" data-link=\"https:\/\/www.comitatoperlinate.info\/?attachment_id=4851\" data-url=\"https:\/\/www.comitatoperlinate.info\/wp-content\/uploads\/2024\/11\/2024_Stand-alla-Festa-di-San-Carlo-3-11-2024-14-min-1024x768.jpg\" data-width=\"2560\" src=\"https:\/\/i0.wp.com\/www.comitatoperlinate.info\/wp-content\/uploads\/2024\/11\/2024_Stand-alla-Festa-di-San-Carlo-3-11-2024-14-min-1024x768.jpg?ssl=1\" data-amp-layout=\"responsive\" tabindex=\"0\" role=\"button\" aria-label=\"Apri immagine 9 di 19 a schermo intero\"\/><\/figure><\/div><\/div><div class=\"tiled-gallery__row\"><div class=\"tiled-gallery__col\" style=\"flex-basis:33.33333%\"><figure class=\"tiled-gallery__item\"><img decoding=\"async\" data-attachment-id=\"4852\" data-permalink=\"https:\/\/www.comitatoperlinate.info\/index.php\/2024\/11\/05\/partecipazione-alla-festa-di-peschiera-borromeo-3-11-2024\/2024_stand-alla-festa-di-san-carlo-3-11-2024-15-min\/\" data-orig-file=\"https:\/\/i0.wp.com\/www.comitatoperlinate.info\/wp-content\/uploads\/2024\/11\/2024_Stand-alla-Festa-di-San-Carlo-3-11-2024-15-min-scaled.jpg?fit=2560%2C1920&amp;ssl=1\" data-orig-size=\"2560,1920\" data-comments-opened=\"1\" data-image-meta=\"{&quot;aperture&quot;:&quot;0&quot;,&quot;credit&quot;:&quot;&quot;,&quot;camera&quot;:&quot;&quot;,&quot;caption&quot;:&quot;&quot;,&quot;created_timestamp&quot;:&quot;0&quot;,&quot;copyright&quot;:&quot;&quot;,&quot;focal_length&quot;:&quot;0&quot;,&quot;iso&quot;:&quot;0&quot;,&quot;shutter_speed&quot;:&quot;0&quot;,&quot;title&quot;:&quot;&quot;,&quot;orientation&quot;:&quot;0&quot;}\" data-image-title=\"2024_Stand alla Festa di San Carlo 3-11-2024 (15)-min\" data-image-description=\"\" data-image-caption=\"\" data-large-file=\"https:\/\/i0.wp.com\/www.comitatoperlinate.info\/wp-content\/uploads\/2024\/11\/2024_Stand-alla-Festa-di-San-Carlo-3-11-2024-15-min-scaled.jpg?fit=665%2C499&amp;ssl=1\" data-attachment-id=\"4852\" data-permalink=\"https:\/\/www.comitatoperlinate.info\/index.php\/2024\/11\/05\/partecipazione-alla-festa-di-peschiera-borromeo-3-11-2024\/2024_stand-alla-festa-di-san-carlo-3-11-2024-15-min\/\" data-orig-file=\"https:\/\/i0.wp.com\/www.comitatoperlinate.info\/wp-content\/uploads\/2024\/11\/2024_Stand-alla-Festa-di-San-Carlo-3-11-2024-15-min-scaled.jpg?fit=2560%2C1920&amp;ssl=1\" data-orig-size=\"2560,1920\" data-comments-opened=\"1\" data-image-meta=\"{&quot;aperture&quot;:&quot;0&quot;,&quot;credit&quot;:&quot;&quot;,&quot;camera&quot;:&quot;&quot;,&quot;caption&quot;:&quot;&quot;,&quot;created_timestamp&quot;:&quot;0&quot;,&quot;copyright&quot;:&quot;&quot;,&quot;focal_length&quot;:&quot;0&quot;,&quot;iso&quot;:&quot;0&quot;,&quot;shutter_speed&quot;:&quot;0&quot;,&quot;title&quot;:&quot;&quot;,&quot;orientation&quot;:&quot;0&quot;}\" data-image-title=\"2024_Stand alla Festa di San Carlo 3-11-2024 (15)-min\" data-image-description=\"\" data-image-caption=\"\" data-large-file=\"https:\/\/i0.wp.com\/www.comitatoperlinate.info\/wp-content\/uploads\/2024\/11\/2024_Stand-alla-Festa-di-San-Carlo-3-11-2024-15-min-scaled.jpg?fit=665%2C499&amp;ssl=1\" role=\"button\" tabindex=\"0\" aria-label=\"Apri immagine 10 di 19 a schermo intero\"srcset=\"https:\/\/i0.wp.com\/www.comitatoperlinate.info\/wp-content\/uploads\/2024\/11\/2024_Stand-alla-Festa-di-San-Carlo-3-11-2024-15-min-1024x768.jpg?strip=info&#038;w=600&#038;ssl=1 600w,https:\/\/i0.wp.com\/www.comitatoperlinate.info\/wp-content\/uploads\/2024\/11\/2024_Stand-alla-Festa-di-San-Carlo-3-11-2024-15-min-1024x768.jpg?strip=info&#038;w=900&#038;ssl=1 900w,https:\/\/i0.wp.com\/www.comitatoperlinate.info\/wp-content\/uploads\/2024\/11\/2024_Stand-alla-Festa-di-San-Carlo-3-11-2024-15-min-1024x768.jpg?strip=info&#038;w=1200&#038;ssl=1 1200w,https:\/\/i0.wp.com\/www.comitatoperlinate.info\/wp-content\/uploads\/2024\/11\/2024_Stand-alla-Festa-di-San-Carlo-3-11-2024-15-min-1024x768.jpg?strip=info&#038;w=1500&#038;ssl=1 1500w,https:\/\/i0.wp.com\/www.comitatoperlinate.info\/wp-content\/uploads\/2024\/11\/2024_Stand-alla-Festa-di-San-Carlo-3-11-2024-15-min-1024x768.jpg?strip=info&#038;w=1800&#038;ssl=1 1800w,https:\/\/i0.wp.com\/www.comitatoperlinate.info\/wp-content\/uploads\/2024\/11\/2024_Stand-alla-Festa-di-San-Carlo-3-11-2024-15-min-1024x768.jpg?strip=info&#038;w=2000&#038;ssl=1 2000w\" alt=\"\" data-height=\"1920\" data-id=\"4852\" data-link=\"https:\/\/www.comitatoperlinate.info\/?attachment_id=4852\" data-url=\"https:\/\/www.comitatoperlinate.info\/wp-content\/uploads\/2024\/11\/2024_Stand-alla-Festa-di-San-Carlo-3-11-2024-15-min-1024x768.jpg\" data-width=\"2560\" src=\"https:\/\/i0.wp.com\/www.comitatoperlinate.info\/wp-content\/uploads\/2024\/11\/2024_Stand-alla-Festa-di-San-Carlo-3-11-2024-15-min-1024x768.jpg?ssl=1\" data-amp-layout=\"responsive\" tabindex=\"0\" role=\"button\" aria-label=\"Apri immagine 10 di 19 a schermo intero\"\/><\/figure><\/div><div class=\"tiled-gallery__col\" style=\"flex-basis:33.33333%\"><figure class=\"tiled-gallery__item\"><img decoding=\"async\" data-attachment-id=\"4853\" data-permalink=\"https:\/\/www.comitatoperlinate.info\/index.php\/2024\/11\/05\/partecipazione-alla-festa-di-peschiera-borromeo-3-11-2024\/2024_stand-alla-festa-di-san-carlo-3-11-2024-16-min\/\" data-orig-file=\"https:\/\/i0.wp.com\/www.comitatoperlinate.info\/wp-content\/uploads\/2024\/11\/2024_Stand-alla-Festa-di-San-Carlo-3-11-2024-16-min-scaled.jpg?fit=2560%2C1920&amp;ssl=1\" data-orig-size=\"2560,1920\" data-comments-opened=\"1\" data-image-meta=\"{&quot;aperture&quot;:&quot;0&quot;,&quot;credit&quot;:&quot;&quot;,&quot;camera&quot;:&quot;&quot;,&quot;caption&quot;:&quot;&quot;,&quot;created_timestamp&quot;:&quot;0&quot;,&quot;copyright&quot;:&quot;&quot;,&quot;focal_length&quot;:&quot;0&quot;,&quot;iso&quot;:&quot;0&quot;,&quot;shutter_speed&quot;:&quot;0&quot;,&quot;title&quot;:&quot;&quot;,&quot;orientation&quot;:&quot;0&quot;}\" data-image-title=\"2024_Stand alla Festa di San Carlo 3-11-2024 (16)-min\" data-image-description=\"\" data-image-caption=\"\" data-large-file=\"https:\/\/i0.wp.com\/www.comitatoperlinate.info\/wp-content\/uploads\/2024\/11\/2024_Stand-alla-Festa-di-San-Carlo-3-11-2024-16-min-scaled.jpg?fit=665%2C499&amp;ssl=1\" data-attachment-id=\"4853\" data-permalink=\"https:\/\/www.comitatoperlinate.info\/index.php\/2024\/11\/05\/partecipazione-alla-festa-di-peschiera-borromeo-3-11-2024\/2024_stand-alla-festa-di-san-carlo-3-11-2024-16-min\/\" data-orig-file=\"https:\/\/i0.wp.com\/www.comitatoperlinate.info\/wp-content\/uploads\/2024\/11\/2024_Stand-alla-Festa-di-San-Carlo-3-11-2024-16-min-scaled.jpg?fit=2560%2C1920&amp;ssl=1\" data-orig-size=\"2560,1920\" data-comments-opened=\"1\" data-image-meta=\"{&quot;aperture&quot;:&quot;0&quot;,&quot;credit&quot;:&quot;&quot;,&quot;camera&quot;:&quot;&quot;,&quot;caption&quot;:&quot;&quot;,&quot;created_timestamp&quot;:&quot;0&quot;,&quot;copyright&quot;:&quot;&quot;,&quot;focal_length&quot;:&quot;0&quot;,&quot;iso&quot;:&quot;0&quot;,&quot;shutter_speed&quot;:&quot;0&quot;,&quot;title&quot;:&quot;&quot;,&quot;orientation&quot;:&quot;0&quot;}\" data-image-title=\"2024_Stand alla Festa di San Carlo 3-11-2024 (16)-min\" data-image-description=\"\" data-image-caption=\"\" data-large-file=\"https:\/\/i0.wp.com\/www.comitatoperlinate.info\/wp-content\/uploads\/2024\/11\/2024_Stand-alla-Festa-di-San-Carlo-3-11-2024-16-min-scaled.jpg?fit=665%2C499&amp;ssl=1\" role=\"button\" tabindex=\"0\" aria-label=\"Apri immagine 11 di 19 a schermo intero\"srcset=\"https:\/\/i2.wp.com\/www.comitatoperlinate.info\/wp-content\/uploads\/2024\/11\/2024_Stand-alla-Festa-di-San-Carlo-3-11-2024-16-min-1024x768.jpg?strip=info&#038;w=600&#038;ssl=1 600w,https:\/\/i2.wp.com\/www.comitatoperlinate.info\/wp-content\/uploads\/2024\/11\/2024_Stand-alla-Festa-di-San-Carlo-3-11-2024-16-min-1024x768.jpg?strip=info&#038;w=900&#038;ssl=1 900w,https:\/\/i2.wp.com\/www.comitatoperlinate.info\/wp-content\/uploads\/2024\/11\/2024_Stand-alla-Festa-di-San-Carlo-3-11-2024-16-min-1024x768.jpg?strip=info&#038;w=1200&#038;ssl=1 1200w,https:\/\/i2.wp.com\/www.comitatoperlinate.info\/wp-content\/uploads\/2024\/11\/2024_Stand-alla-Festa-di-San-Carlo-3-11-2024-16-min-1024x768.jpg?strip=info&#038;w=1500&#038;ssl=1 1500w,https:\/\/i2.wp.com\/www.comitatoperlinate.info\/wp-content\/uploads\/2024\/11\/2024_Stand-alla-Festa-di-San-Carlo-3-11-2024-16-min-1024x768.jpg?strip=info&#038;w=1800&#038;ssl=1 1800w,https:\/\/i2.wp.com\/www.comitatoperlinate.info\/wp-content\/uploads\/2024\/11\/2024_Stand-alla-Festa-di-San-Carlo-3-11-2024-16-min-1024x768.jpg?strip=info&#038;w=2000&#038;ssl=1 2000w\" alt=\"\" data-height=\"1920\" data-id=\"4853\" data-link=\"https:\/\/www.comitatoperlinate.info\/?attachment_id=4853\" data-url=\"https:\/\/www.comitatoperlinate.info\/wp-content\/uploads\/2024\/11\/2024_Stand-alla-Festa-di-San-Carlo-3-11-2024-16-min-1024x768.jpg\" data-width=\"2560\" src=\"https:\/\/i2.wp.com\/www.comitatoperlinate.info\/wp-content\/uploads\/2024\/11\/2024_Stand-alla-Festa-di-San-Carlo-3-11-2024-16-min-1024x768.jpg?ssl=1\" data-amp-layout=\"responsive\" tabindex=\"0\" role=\"button\" aria-label=\"Apri immagine 11 di 19 a schermo intero\"\/><\/figure><\/div><div class=\"tiled-gallery__col\" style=\"flex-basis:33.33333%\"><figure class=\"tiled-gallery__item\"><img decoding=\"async\" data-attachment-id=\"4854\" data-permalink=\"https:\/\/www.comitatoperlinate.info\/index.php\/2024\/11\/05\/partecipazione-alla-festa-di-peschiera-borromeo-3-11-2024\/2024_stand-alla-festa-di-san-carlo-3-11-2024-17-min\/\" data-orig-file=\"https:\/\/i0.wp.com\/www.comitatoperlinate.info\/wp-content\/uploads\/2024\/11\/2024_Stand-alla-Festa-di-San-Carlo-3-11-2024-17-min-scaled.jpg?fit=2560%2C1920&amp;ssl=1\" data-orig-size=\"2560,1920\" data-comments-opened=\"1\" data-image-meta=\"{&quot;aperture&quot;:&quot;0&quot;,&quot;credit&quot;:&quot;&quot;,&quot;camera&quot;:&quot;&quot;,&quot;caption&quot;:&quot;&quot;,&quot;created_timestamp&quot;:&quot;0&quot;,&quot;copyright&quot;:&quot;&quot;,&quot;focal_length&quot;:&quot;0&quot;,&quot;iso&quot;:&quot;0&quot;,&quot;shutter_speed&quot;:&quot;0&quot;,&quot;title&quot;:&quot;&quot;,&quot;orientation&quot;:&quot;0&quot;}\" data-image-title=\"2024_Stand alla Festa di San Carlo 3-11-2024 (17)-min\" data-image-description=\"\" data-image-caption=\"\" data-large-file=\"https:\/\/i0.wp.com\/www.comitatoperlinate.info\/wp-content\/uploads\/2024\/11\/2024_Stand-alla-Festa-di-San-Carlo-3-11-2024-17-min-scaled.jpg?fit=665%2C499&amp;ssl=1\" data-attachment-id=\"4854\" data-permalink=\"https:\/\/www.comitatoperlinate.info\/index.php\/2024\/11\/05\/partecipazione-alla-festa-di-peschiera-borromeo-3-11-2024\/2024_stand-alla-festa-di-san-carlo-3-11-2024-17-min\/\" data-orig-file=\"https:\/\/i0.wp.com\/www.comitatoperlinate.info\/wp-content\/uploads\/2024\/11\/2024_Stand-alla-Festa-di-San-Carlo-3-11-2024-17-min-scaled.jpg?fit=2560%2C1920&amp;ssl=1\" data-orig-size=\"2560,1920\" data-comments-opened=\"1\" data-image-meta=\"{&quot;aperture&quot;:&quot;0&quot;,&quot;credit&quot;:&quot;&quot;,&quot;camera&quot;:&quot;&quot;,&quot;caption&quot;:&quot;&quot;,&quot;created_timestamp&quot;:&quot;0&quot;,&quot;copyright&quot;:&quot;&quot;,&quot;focal_length&quot;:&quot;0&quot;,&quot;iso&quot;:&quot;0&quot;,&quot;shutter_speed&quot;:&quot;0&quot;,&quot;title&quot;:&quot;&quot;,&quot;orientation&quot;:&quot;0&quot;}\" data-image-title=\"2024_Stand alla Festa di San Carlo 3-11-2024 (17)-min\" data-image-description=\"\" data-image-caption=\"\" data-large-file=\"https:\/\/i0.wp.com\/www.comitatoperlinate.info\/wp-content\/uploads\/2024\/11\/2024_Stand-alla-Festa-di-San-Carlo-3-11-2024-17-min-scaled.jpg?fit=665%2C499&amp;ssl=1\" role=\"button\" tabindex=\"0\" aria-label=\"Apri immagine 12 di 19 a schermo intero\"srcset=\"https:\/\/i0.wp.com\/www.comitatoperlinate.info\/wp-content\/uploads\/2024\/11\/2024_Stand-alla-Festa-di-San-Carlo-3-11-2024-17-min-1024x768.jpg?strip=info&#038;w=600&#038;ssl=1 600w,https:\/\/i0.wp.com\/www.comitatoperlinate.info\/wp-content\/uploads\/2024\/11\/2024_Stand-alla-Festa-di-San-Carlo-3-11-2024-17-min-1024x768.jpg?strip=info&#038;w=900&#038;ssl=1 900w,https:\/\/i0.wp.com\/www.comitatoperlinate.info\/wp-content\/uploads\/2024\/11\/2024_Stand-alla-Festa-di-San-Carlo-3-11-2024-17-min-1024x768.jpg?strip=info&#038;w=1200&#038;ssl=1 1200w,https:\/\/i0.wp.com\/www.comitatoperlinate.info\/wp-content\/uploads\/2024\/11\/2024_Stand-alla-Festa-di-San-Carlo-3-11-2024-17-min-1024x768.jpg?strip=info&#038;w=1500&#038;ssl=1 1500w,https:\/\/i0.wp.com\/www.comitatoperlinate.info\/wp-content\/uploads\/2024\/11\/2024_Stand-alla-Festa-di-San-Carlo-3-11-2024-17-min-1024x768.jpg?strip=info&#038;w=1800&#038;ssl=1 1800w,https:\/\/i0.wp.com\/www.comitatoperlinate.info\/wp-content\/uploads\/2024\/11\/2024_Stand-alla-Festa-di-San-Carlo-3-11-2024-17-min-1024x768.jpg?strip=info&#038;w=2000&#038;ssl=1 2000w\" alt=\"\" data-height=\"1920\" data-id=\"4854\" data-link=\"https:\/\/www.comitatoperlinate.info\/?attachment_id=4854\" data-url=\"https:\/\/www.comitatoperlinate.info\/wp-content\/uploads\/2024\/11\/2024_Stand-alla-Festa-di-San-Carlo-3-11-2024-17-min-1024x768.jpg\" data-width=\"2560\" src=\"https:\/\/i0.wp.com\/www.comitatoperlinate.info\/wp-content\/uploads\/2024\/11\/2024_Stand-alla-Festa-di-San-Carlo-3-11-2024-17-min-1024x768.jpg?ssl=1\" data-amp-layout=\"responsive\" tabindex=\"0\" role=\"button\" aria-label=\"Apri immagine 12 di 19 a schermo intero\"\/><\/figure><\/div><\/div><div class=\"tiled-gallery__row\"><div class=\"tiled-gallery__col\" style=\"flex-basis:47.37366%\"><figure class=\"tiled-gallery__item\"><img decoding=\"async\" data-attachment-id=\"4855\" data-permalink=\"https:\/\/www.comitatoperlinate.info\/index.php\/2024\/11\/05\/partecipazione-alla-festa-di-peschiera-borromeo-3-11-2024\/2024_stand-alla-festa-di-san-carlo-3-11-2024-18-min\/\" data-orig-file=\"https:\/\/i0.wp.com\/www.comitatoperlinate.info\/wp-content\/uploads\/2024\/11\/2024_Stand-alla-Festa-di-San-Carlo-3-11-2024-18-min-scaled.jpg?fit=2560%2C1920&amp;ssl=1\" data-orig-size=\"2560,1920\" data-comments-opened=\"1\" data-image-meta=\"{&quot;aperture&quot;:&quot;0&quot;,&quot;credit&quot;:&quot;&quot;,&quot;camera&quot;:&quot;&quot;,&quot;caption&quot;:&quot;&quot;,&quot;created_timestamp&quot;:&quot;0&quot;,&quot;copyright&quot;:&quot;&quot;,&quot;focal_length&quot;:&quot;0&quot;,&quot;iso&quot;:&quot;0&quot;,&quot;shutter_speed&quot;:&quot;0&quot;,&quot;title&quot;:&quot;&quot;,&quot;orientation&quot;:&quot;0&quot;}\" data-image-title=\"2024_Stand alla Festa di San Carlo 3-11-2024 (18)-min\" data-image-description=\"\" data-image-caption=\"\" data-large-file=\"https:\/\/i0.wp.com\/www.comitatoperlinate.info\/wp-content\/uploads\/2024\/11\/2024_Stand-alla-Festa-di-San-Carlo-3-11-2024-18-min-scaled.jpg?fit=665%2C499&amp;ssl=1\" data-attachment-id=\"4855\" data-permalink=\"https:\/\/www.comitatoperlinate.info\/index.php\/2024\/11\/05\/partecipazione-alla-festa-di-peschiera-borromeo-3-11-2024\/2024_stand-alla-festa-di-san-carlo-3-11-2024-18-min\/\" data-orig-file=\"https:\/\/i0.wp.com\/www.comitatoperlinate.info\/wp-content\/uploads\/2024\/11\/2024_Stand-alla-Festa-di-San-Carlo-3-11-2024-18-min-scaled.jpg?fit=2560%2C1920&amp;ssl=1\" data-orig-size=\"2560,1920\" data-comments-opened=\"1\" data-image-meta=\"{&quot;aperture&quot;:&quot;0&quot;,&quot;credit&quot;:&quot;&quot;,&quot;camera&quot;:&quot;&quot;,&quot;caption&quot;:&quot;&quot;,&quot;created_timestamp&quot;:&quot;0&quot;,&quot;copyright&quot;:&quot;&quot;,&quot;focal_length&quot;:&quot;0&quot;,&quot;iso&quot;:&quot;0&quot;,&quot;shutter_speed&quot;:&quot;0&quot;,&quot;title&quot;:&quot;&quot;,&quot;orientation&quot;:&quot;0&quot;}\" data-image-title=\"2024_Stand alla Festa di San Carlo 3-11-2024 (18)-min\" data-image-description=\"\" data-image-caption=\"\" data-large-file=\"https:\/\/i0.wp.com\/www.comitatoperlinate.info\/wp-content\/uploads\/2024\/11\/2024_Stand-alla-Festa-di-San-Carlo-3-11-2024-18-min-scaled.jpg?fit=665%2C499&amp;ssl=1\" role=\"button\" tabindex=\"0\" aria-label=\"Apri immagine 13 di 19 a schermo intero\"srcset=\"https:\/\/i2.wp.com\/www.comitatoperlinate.info\/wp-content\/uploads\/2024\/11\/2024_Stand-alla-Festa-di-San-Carlo-3-11-2024-18-min-1024x768.jpg?strip=info&#038;w=600&#038;ssl=1 600w,https:\/\/i2.wp.com\/www.comitatoperlinate.info\/wp-content\/uploads\/2024\/11\/2024_Stand-alla-Festa-di-San-Carlo-3-11-2024-18-min-1024x768.jpg?strip=info&#038;w=900&#038;ssl=1 900w,https:\/\/i2.wp.com\/www.comitatoperlinate.info\/wp-content\/uploads\/2024\/11\/2024_Stand-alla-Festa-di-San-Carlo-3-11-2024-18-min-1024x768.jpg?strip=info&#038;w=1200&#038;ssl=1 1200w,https:\/\/i2.wp.com\/www.comitatoperlinate.info\/wp-content\/uploads\/2024\/11\/2024_Stand-alla-Festa-di-San-Carlo-3-11-2024-18-min-1024x768.jpg?strip=info&#038;w=1500&#038;ssl=1 1500w,https:\/\/i2.wp.com\/www.comitatoperlinate.info\/wp-content\/uploads\/2024\/11\/2024_Stand-alla-Festa-di-San-Carlo-3-11-2024-18-min-1024x768.jpg?strip=info&#038;w=1800&#038;ssl=1 1800w,https:\/\/i2.wp.com\/www.comitatoperlinate.info\/wp-content\/uploads\/2024\/11\/2024_Stand-alla-Festa-di-San-Carlo-3-11-2024-18-min-1024x768.jpg?strip=info&#038;w=2000&#038;ssl=1 2000w\" alt=\"\" data-height=\"1920\" data-id=\"4855\" data-link=\"https:\/\/www.comitatoperlinate.info\/?attachment_id=4855\" data-url=\"https:\/\/www.comitatoperlinate.info\/wp-content\/uploads\/2024\/11\/2024_Stand-alla-Festa-di-San-Carlo-3-11-2024-18-min-1024x768.jpg\" data-width=\"2560\" src=\"https:\/\/i2.wp.com\/www.comitatoperlinate.info\/wp-content\/uploads\/2024\/11\/2024_Stand-alla-Festa-di-San-Carlo-3-11-2024-18-min-1024x768.jpg?ssl=1\" data-amp-layout=\"responsive\" tabindex=\"0\" role=\"button\" aria-label=\"Apri immagine 13 di 19 a schermo intero\"\/><\/figure><figure class=\"tiled-gallery__item\"><img decoding=\"async\" data-attachment-id=\"4856\" data-permalink=\"https:\/\/www.comitatoperlinate.info\/index.php\/2024\/11\/05\/partecipazione-alla-festa-di-peschiera-borromeo-3-11-2024\/2024_stand-alla-festa-di-san-carlo-3-11-2024-19-min\/\" data-orig-file=\"https:\/\/i0.wp.com\/www.comitatoperlinate.info\/wp-content\/uploads\/2024\/11\/2024_Stand-alla-Festa-di-San-Carlo-3-11-2024-19-min-scaled.jpg?fit=2560%2C1920&amp;ssl=1\" data-orig-size=\"2560,1920\" data-comments-opened=\"1\" data-image-meta=\"{&quot;aperture&quot;:&quot;0&quot;,&quot;credit&quot;:&quot;&quot;,&quot;camera&quot;:&quot;&quot;,&quot;caption&quot;:&quot;&quot;,&quot;created_timestamp&quot;:&quot;0&quot;,&quot;copyright&quot;:&quot;&quot;,&quot;focal_length&quot;:&quot;0&quot;,&quot;iso&quot;:&quot;0&quot;,&quot;shutter_speed&quot;:&quot;0&quot;,&quot;title&quot;:&quot;&quot;,&quot;orientation&quot;:&quot;0&quot;}\" data-image-title=\"2024_Stand alla Festa di San Carlo 3-11-2024 (19)-min\" data-image-description=\"\" data-image-caption=\"\" data-large-file=\"https:\/\/i0.wp.com\/www.comitatoperlinate.info\/wp-content\/uploads\/2024\/11\/2024_Stand-alla-Festa-di-San-Carlo-3-11-2024-19-min-scaled.jpg?fit=665%2C499&amp;ssl=1\" data-attachment-id=\"4856\" data-permalink=\"https:\/\/www.comitatoperlinate.info\/index.php\/2024\/11\/05\/partecipazione-alla-festa-di-peschiera-borromeo-3-11-2024\/2024_stand-alla-festa-di-san-carlo-3-11-2024-19-min\/\" data-orig-file=\"https:\/\/i0.wp.com\/www.comitatoperlinate.info\/wp-content\/uploads\/2024\/11\/2024_Stand-alla-Festa-di-San-Carlo-3-11-2024-19-min-scaled.jpg?fit=2560%2C1920&amp;ssl=1\" data-orig-size=\"2560,1920\" data-comments-opened=\"1\" data-image-meta=\"{&quot;aperture&quot;:&quot;0&quot;,&quot;credit&quot;:&quot;&quot;,&quot;camera&quot;:&quot;&quot;,&quot;caption&quot;:&quot;&quot;,&quot;created_timestamp&quot;:&quot;0&quot;,&quot;copyright&quot;:&quot;&quot;,&quot;focal_length&quot;:&quot;0&quot;,&quot;iso&quot;:&quot;0&quot;,&quot;shutter_speed&quot;:&quot;0&quot;,&quot;title&quot;:&quot;&quot;,&quot;orientation&quot;:&quot;0&quot;}\" data-image-title=\"2024_Stand alla Festa di San Carlo 3-11-2024 (19)-min\" data-image-description=\"\" data-image-caption=\"\" data-large-file=\"https:\/\/i0.wp.com\/www.comitatoperlinate.info\/wp-content\/uploads\/2024\/11\/2024_Stand-alla-Festa-di-San-Carlo-3-11-2024-19-min-scaled.jpg?fit=665%2C499&amp;ssl=1\" role=\"button\" tabindex=\"0\" aria-label=\"Apri immagine 14 di 19 a schermo intero\"srcset=\"https:\/\/i2.wp.com\/www.comitatoperlinate.info\/wp-content\/uploads\/2024\/11\/2024_Stand-alla-Festa-di-San-Carlo-3-11-2024-19-min-1024x768.jpg?strip=info&#038;w=600&#038;ssl=1 600w,https:\/\/i2.wp.com\/www.comitatoperlinate.info\/wp-content\/uploads\/2024\/11\/2024_Stand-alla-Festa-di-San-Carlo-3-11-2024-19-min-1024x768.jpg?strip=info&#038;w=900&#038;ssl=1 900w,https:\/\/i2.wp.com\/www.comitatoperlinate.info\/wp-content\/uploads\/2024\/11\/2024_Stand-alla-Festa-di-San-Carlo-3-11-2024-19-min-1024x768.jpg?strip=info&#038;w=1200&#038;ssl=1 1200w,https:\/\/i2.wp.com\/www.comitatoperlinate.info\/wp-content\/uploads\/2024\/11\/2024_Stand-alla-Festa-di-San-Carlo-3-11-2024-19-min-1024x768.jpg?strip=info&#038;w=1500&#038;ssl=1 1500w,https:\/\/i2.wp.com\/www.comitatoperlinate.info\/wp-content\/uploads\/2024\/11\/2024_Stand-alla-Festa-di-San-Carlo-3-11-2024-19-min-1024x768.jpg?strip=info&#038;w=1800&#038;ssl=1 1800w,https:\/\/i2.wp.com\/www.comitatoperlinate.info\/wp-content\/uploads\/2024\/11\/2024_Stand-alla-Festa-di-San-Carlo-3-11-2024-19-min-1024x768.jpg?strip=info&#038;w=2000&#038;ssl=1 2000w\" alt=\"\" data-height=\"1920\" data-id=\"4856\" data-link=\"https:\/\/www.comitatoperlinate.info\/?attachment_id=4856\" data-url=\"https:\/\/www.comitatoperlinate.info\/wp-content\/uploads\/2024\/11\/2024_Stand-alla-Festa-di-San-Carlo-3-11-2024-19-min-1024x768.jpg\" data-width=\"2560\" src=\"https:\/\/i2.wp.com\/www.comitatoperlinate.info\/wp-content\/uploads\/2024\/11\/2024_Stand-alla-Festa-di-San-Carlo-3-11-2024-19-min-1024x768.jpg?ssl=1\" data-amp-layout=\"responsive\" tabindex=\"0\" role=\"button\" aria-label=\"Apri immagine 14 di 19 a schermo intero\"\/><\/figure><\/div><div class=\"tiled-gallery__col\" style=\"flex-basis:52.62634%\"><figure class=\"tiled-gallery__item\"><img decoding=\"async\" data-attachment-id=\"4857\" data-permalink=\"https:\/\/www.comitatoperlinate.info\/index.php\/2024\/11\/05\/partecipazione-alla-festa-di-peschiera-borromeo-3-11-2024\/2024_stand-alla-festa-di-san-carlo-3-11-2024-1-min\/\" data-orig-file=\"https:\/\/i0.wp.com\/www.comitatoperlinate.info\/wp-content\/uploads\/2024\/11\/2024_Stand-alla-Festa-di-San-Carlo-3-11-2024-1-min.jpg?fit=736%2C1000&amp;ssl=1\" data-orig-size=\"736,1000\" data-comments-opened=\"1\" data-image-meta=\"{&quot;aperture&quot;:&quot;0&quot;,&quot;credit&quot;:&quot;&quot;,&quot;camera&quot;:&quot;&quot;,&quot;caption&quot;:&quot;&quot;,&quot;created_timestamp&quot;:&quot;0&quot;,&quot;copyright&quot;:&quot;&quot;,&quot;focal_length&quot;:&quot;0&quot;,&quot;iso&quot;:&quot;0&quot;,&quot;shutter_speed&quot;:&quot;0&quot;,&quot;title&quot;:&quot;&quot;,&quot;orientation&quot;:&quot;0&quot;}\" data-image-title=\"2024_Stand alla Festa di San Carlo 3-11-2024 (1)-min\" data-image-description=\"\" data-image-caption=\"\" data-large-file=\"https:\/\/i0.wp.com\/www.comitatoperlinate.info\/wp-content\/uploads\/2024\/11\/2024_Stand-alla-Festa-di-San-Carlo-3-11-2024-1-min.jpg?fit=665%2C904&amp;ssl=1\" data-attachment-id=\"4857\" data-permalink=\"https:\/\/www.comitatoperlinate.info\/index.php\/2024\/11\/05\/partecipazione-alla-festa-di-peschiera-borromeo-3-11-2024\/2024_stand-alla-festa-di-san-carlo-3-11-2024-1-min\/\" data-orig-file=\"https:\/\/i0.wp.com\/www.comitatoperlinate.info\/wp-content\/uploads\/2024\/11\/2024_Stand-alla-Festa-di-San-Carlo-3-11-2024-1-min.jpg?fit=736%2C1000&amp;ssl=1\" data-orig-size=\"736,1000\" data-comments-opened=\"1\" data-image-meta=\"{&quot;aperture&quot;:&quot;0&quot;,&quot;credit&quot;:&quot;&quot;,&quot;camera&quot;:&quot;&quot;,&quot;caption&quot;:&quot;&quot;,&quot;created_timestamp&quot;:&quot;0&quot;,&quot;copyright&quot;:&quot;&quot;,&quot;focal_length&quot;:&quot;0&quot;,&quot;iso&quot;:&quot;0&quot;,&quot;shutter_speed&quot;:&quot;0&quot;,&quot;title&quot;:&quot;&quot;,&quot;orientation&quot;:&quot;0&quot;}\" data-image-title=\"2024_Stand alla Festa di San Carlo 3-11-2024 (1)-min\" data-image-description=\"\" data-image-caption=\"\" data-large-file=\"https:\/\/i0.wp.com\/www.comitatoperlinate.info\/wp-content\/uploads\/2024\/11\/2024_Stand-alla-Festa-di-San-Carlo-3-11-2024-1-min.jpg?fit=665%2C904&amp;ssl=1\" role=\"button\" tabindex=\"0\" aria-label=\"Apri immagine 15 di 19 a schermo intero\"srcset=\"https:\/\/i0.wp.com\/www.comitatoperlinate.info\/wp-content\/uploads\/2024\/11\/2024_Stand-alla-Festa-di-San-Carlo-3-11-2024-1-min.jpg?strip=info&#038;w=600&#038;ssl=1 600w,https:\/\/i0.wp.com\/www.comitatoperlinate.info\/wp-content\/uploads\/2024\/11\/2024_Stand-alla-Festa-di-San-Carlo-3-11-2024-1-min.jpg?strip=info&#038;w=736&#038;ssl=1 736w\" alt=\"\" data-height=\"1000\" data-id=\"4857\" data-link=\"https:\/\/www.comitatoperlinate.info\/?attachment_id=4857\" data-url=\"https:\/\/www.comitatoperlinate.info\/wp-content\/uploads\/2024\/11\/2024_Stand-alla-Festa-di-San-Carlo-3-11-2024-1-min.jpg\" data-width=\"736\" src=\"https:\/\/i0.wp.com\/www.comitatoperlinate.info\/wp-content\/uploads\/2024\/11\/2024_Stand-alla-Festa-di-San-Carlo-3-11-2024-1-min.jpg?ssl=1\" data-amp-layout=\"responsive\" tabindex=\"0\" role=\"button\" aria-label=\"Apri immagine 15 di 19 a schermo intero\"\/><\/figure><\/div><\/div><div class=\"tiled-gallery__row\"><div class=\"tiled-gallery__col\" style=\"flex-basis:25.00000%\"><figure class=\"tiled-gallery__item\"><img decoding=\"async\" data-attachment-id=\"4858\" data-permalink=\"https:\/\/www.comitatoperlinate.info\/index.php\/2024\/11\/05\/partecipazione-alla-festa-di-peschiera-borromeo-3-11-2024\/2024_stand-alla-festa-di-san-carlo-3-11-2024-7-sfocato-min\/\" data-orig-file=\"https:\/\/i0.wp.com\/www.comitatoperlinate.info\/wp-content\/uploads\/2024\/11\/2024_Stand-alla-Festa-di-San-Carlo-3-11-2024-7-sfocato-min-scaled.jpg?fit=1920%2C2560&amp;ssl=1\" data-orig-size=\"1920,2560\" data-comments-opened=\"1\" data-image-meta=\"{&quot;aperture&quot;:&quot;0&quot;,&quot;credit&quot;:&quot;&quot;,&quot;camera&quot;:&quot;&quot;,&quot;caption&quot;:&quot;&quot;,&quot;created_timestamp&quot;:&quot;0&quot;,&quot;copyright&quot;:&quot;&quot;,&quot;focal_length&quot;:&quot;0&quot;,&quot;iso&quot;:&quot;0&quot;,&quot;shutter_speed&quot;:&quot;0&quot;,&quot;title&quot;:&quot;&quot;,&quot;orientation&quot;:&quot;0&quot;}\" data-image-title=\"2024_Stand alla Festa di San Carlo 3-11-2024 (7) sfocato-min\" data-image-description=\"\" data-image-caption=\"\" data-large-file=\"https:\/\/i0.wp.com\/www.comitatoperlinate.info\/wp-content\/uploads\/2024\/11\/2024_Stand-alla-Festa-di-San-Carlo-3-11-2024-7-sfocato-min-scaled.jpg?fit=665%2C887&amp;ssl=1\" data-attachment-id=\"4858\" data-permalink=\"https:\/\/www.comitatoperlinate.info\/index.php\/2024\/11\/05\/partecipazione-alla-festa-di-peschiera-borromeo-3-11-2024\/2024_stand-alla-festa-di-san-carlo-3-11-2024-7-sfocato-min\/\" data-orig-file=\"https:\/\/i0.wp.com\/www.comitatoperlinate.info\/wp-content\/uploads\/2024\/11\/2024_Stand-alla-Festa-di-San-Carlo-3-11-2024-7-sfocato-min-scaled.jpg?fit=1920%2C2560&amp;ssl=1\" data-orig-size=\"1920,2560\" data-comments-opened=\"1\" data-image-meta=\"{&quot;aperture&quot;:&quot;0&quot;,&quot;credit&quot;:&quot;&quot;,&quot;camera&quot;:&quot;&quot;,&quot;caption&quot;:&quot;&quot;,&quot;created_timestamp&quot;:&quot;0&quot;,&quot;copyright&quot;:&quot;&quot;,&quot;focal_length&quot;:&quot;0&quot;,&quot;iso&quot;:&quot;0&quot;,&quot;shutter_speed&quot;:&quot;0&quot;,&quot;title&quot;:&quot;&quot;,&quot;orientation&quot;:&quot;0&quot;}\" data-image-title=\"2024_Stand alla Festa di San Carlo 3-11-2024 (7) sfocato-min\" data-image-description=\"\" data-image-caption=\"\" data-large-file=\"https:\/\/i0.wp.com\/www.comitatoperlinate.info\/wp-content\/uploads\/2024\/11\/2024_Stand-alla-Festa-di-San-Carlo-3-11-2024-7-sfocato-min-scaled.jpg?fit=665%2C887&amp;ssl=1\" role=\"button\" tabindex=\"0\" aria-label=\"Apri immagine 16 di 19 a schermo intero\"srcset=\"https:\/\/i2.wp.com\/www.comitatoperlinate.info\/wp-content\/uploads\/2024\/11\/2024_Stand-alla-Festa-di-San-Carlo-3-11-2024-7-sfocato-min-768x1024.jpg?strip=info&#038;w=600&#038;ssl=1 600w,https:\/\/i2.wp.com\/www.comitatoperlinate.info\/wp-content\/uploads\/2024\/11\/2024_Stand-alla-Festa-di-San-Carlo-3-11-2024-7-sfocato-min-768x1024.jpg?strip=info&#038;w=900&#038;ssl=1 900w,https:\/\/i2.wp.com\/www.comitatoperlinate.info\/wp-content\/uploads\/2024\/11\/2024_Stand-alla-Festa-di-San-Carlo-3-11-2024-7-sfocato-min-768x1024.jpg?strip=info&#038;w=1200&#038;ssl=1 1200w,https:\/\/i2.wp.com\/www.comitatoperlinate.info\/wp-content\/uploads\/2024\/11\/2024_Stand-alla-Festa-di-San-Carlo-3-11-2024-7-sfocato-min-768x1024.jpg?strip=info&#038;w=1500&#038;ssl=1 1500w,https:\/\/i2.wp.com\/www.comitatoperlinate.info\/wp-content\/uploads\/2024\/11\/2024_Stand-alla-Festa-di-San-Carlo-3-11-2024-7-sfocato-min-768x1024.jpg?strip=info&#038;w=1800&#038;ssl=1 1800w,https:\/\/i2.wp.com\/www.comitatoperlinate.info\/wp-content\/uploads\/2024\/11\/2024_Stand-alla-Festa-di-San-Carlo-3-11-2024-7-sfocato-min-768x1024.jpg?strip=info&#038;w=1920&#038;ssl=1 1920w\" alt=\"\" data-height=\"2560\" data-id=\"4858\" data-link=\"https:\/\/www.comitatoperlinate.info\/?attachment_id=4858\" data-url=\"https:\/\/www.comitatoperlinate.info\/wp-content\/uploads\/2024\/11\/2024_Stand-alla-Festa-di-San-Carlo-3-11-2024-7-sfocato-min-768x1024.jpg\" data-width=\"1920\" src=\"https:\/\/i2.wp.com\/www.comitatoperlinate.info\/wp-content\/uploads\/2024\/11\/2024_Stand-alla-Festa-di-San-Carlo-3-11-2024-7-sfocato-min-768x1024.jpg?ssl=1\" data-amp-layout=\"responsive\" tabindex=\"0\" role=\"button\" aria-label=\"Apri immagine 16 di 19 a schermo intero\"\/><\/figure><\/div><div class=\"tiled-gallery__col\" style=\"flex-basis:25.00000%\"><figure class=\"tiled-gallery__item\"><img decoding=\"async\" data-attachment-id=\"4859\" data-permalink=\"https:\/\/www.comitatoperlinate.info\/index.php\/2024\/11\/05\/partecipazione-alla-festa-di-peschiera-borromeo-3-11-2024\/2024_stand-alla-festa-di-san-carlo-3-11-2024-12-min\/\" data-orig-file=\"https:\/\/i0.wp.com\/www.comitatoperlinate.info\/wp-content\/uploads\/2024\/11\/2024_Stand-alla-Festa-di-San-Carlo-3-11-2024-12-min-scaled.jpg?fit=1920%2C2560&amp;ssl=1\" data-orig-size=\"1920,2560\" data-comments-opened=\"1\" data-image-meta=\"{&quot;aperture&quot;:&quot;0&quot;,&quot;credit&quot;:&quot;&quot;,&quot;camera&quot;:&quot;&quot;,&quot;caption&quot;:&quot;&quot;,&quot;created_timestamp&quot;:&quot;0&quot;,&quot;copyright&quot;:&quot;&quot;,&quot;focal_length&quot;:&quot;0&quot;,&quot;iso&quot;:&quot;0&quot;,&quot;shutter_speed&quot;:&quot;0&quot;,&quot;title&quot;:&quot;&quot;,&quot;orientation&quot;:&quot;0&quot;}\" data-image-title=\"2024_Stand alla Festa di San Carlo 3-11-2024 (12)-min\" data-image-description=\"\" data-image-caption=\"\" data-large-file=\"https:\/\/i0.wp.com\/www.comitatoperlinate.info\/wp-content\/uploads\/2024\/11\/2024_Stand-alla-Festa-di-San-Carlo-3-11-2024-12-min-scaled.jpg?fit=665%2C887&amp;ssl=1\" data-attachment-id=\"4859\" data-permalink=\"https:\/\/www.comitatoperlinate.info\/index.php\/2024\/11\/05\/partecipazione-alla-festa-di-peschiera-borromeo-3-11-2024\/2024_stand-alla-festa-di-san-carlo-3-11-2024-12-min\/\" data-orig-file=\"https:\/\/i0.wp.com\/www.comitatoperlinate.info\/wp-content\/uploads\/2024\/11\/2024_Stand-alla-Festa-di-San-Carlo-3-11-2024-12-min-scaled.jpg?fit=1920%2C2560&amp;ssl=1\" data-orig-size=\"1920,2560\" data-comments-opened=\"1\" data-image-meta=\"{&quot;aperture&quot;:&quot;0&quot;,&quot;credit&quot;:&quot;&quot;,&quot;camera&quot;:&quot;&quot;,&quot;caption&quot;:&quot;&quot;,&quot;created_timestamp&quot;:&quot;0&quot;,&quot;copyright&quot;:&quot;&quot;,&quot;focal_length&quot;:&quot;0&quot;,&quot;iso&quot;:&quot;0&quot;,&quot;shutter_speed&quot;:&quot;0&quot;,&quot;title&quot;:&quot;&quot;,&quot;orientation&quot;:&quot;0&quot;}\" data-image-title=\"2024_Stand alla Festa di San Carlo 3-11-2024 (12)-min\" data-image-description=\"\" data-image-caption=\"\" data-large-file=\"https:\/\/i0.wp.com\/www.comitatoperlinate.info\/wp-content\/uploads\/2024\/11\/2024_Stand-alla-Festa-di-San-Carlo-3-11-2024-12-min-scaled.jpg?fit=665%2C887&amp;ssl=1\" role=\"button\" tabindex=\"0\" aria-label=\"Apri immagine 17 di 19 a schermo intero\"srcset=\"https:\/\/i2.wp.com\/www.comitatoperlinate.info\/wp-content\/uploads\/2024\/11\/2024_Stand-alla-Festa-di-San-Carlo-3-11-2024-12-min-768x1024.jpg?strip=info&#038;w=600&#038;ssl=1 600w,https:\/\/i2.wp.com\/www.comitatoperlinate.info\/wp-content\/uploads\/2024\/11\/2024_Stand-alla-Festa-di-San-Carlo-3-11-2024-12-min-768x1024.jpg?strip=info&#038;w=900&#038;ssl=1 900w,https:\/\/i2.wp.com\/www.comitatoperlinate.info\/wp-content\/uploads\/2024\/11\/2024_Stand-alla-Festa-di-San-Carlo-3-11-2024-12-min-768x1024.jpg?strip=info&#038;w=1200&#038;ssl=1 1200w,https:\/\/i2.wp.com\/www.comitatoperlinate.info\/wp-content\/uploads\/2024\/11\/2024_Stand-alla-Festa-di-San-Carlo-3-11-2024-12-min-768x1024.jpg?strip=info&#038;w=1500&#038;ssl=1 1500w,https:\/\/i2.wp.com\/www.comitatoperlinate.info\/wp-content\/uploads\/2024\/11\/2024_Stand-alla-Festa-di-San-Carlo-3-11-2024-12-min-768x1024.jpg?strip=info&#038;w=1800&#038;ssl=1 1800w,https:\/\/i2.wp.com\/www.comitatoperlinate.info\/wp-content\/uploads\/2024\/11\/2024_Stand-alla-Festa-di-San-Carlo-3-11-2024-12-min-768x1024.jpg?strip=info&#038;w=1920&#038;ssl=1 1920w\" alt=\"\" data-height=\"2560\" data-id=\"4859\" data-link=\"https:\/\/www.comitatoperlinate.info\/?attachment_id=4859\" data-url=\"https:\/\/www.comitatoperlinate.info\/wp-content\/uploads\/2024\/11\/2024_Stand-alla-Festa-di-San-Carlo-3-11-2024-12-min-768x1024.jpg\" data-width=\"1920\" src=\"https:\/\/i2.wp.com\/www.comitatoperlinate.info\/wp-content\/uploads\/2024\/11\/2024_Stand-alla-Festa-di-San-Carlo-3-11-2024-12-min-768x1024.jpg?ssl=1\" data-amp-layout=\"responsive\" tabindex=\"0\" role=\"button\" aria-label=\"Apri immagine 17 di 19 a schermo intero\"\/><\/figure><\/div><div class=\"tiled-gallery__col\" style=\"flex-basis:25.00000%\"><figure class=\"tiled-gallery__item\"><img decoding=\"async\" data-attachment-id=\"4860\" data-permalink=\"https:\/\/www.comitatoperlinate.info\/index.php\/2024\/11\/05\/partecipazione-alla-festa-di-peschiera-borromeo-3-11-2024\/2024_stand-alla-festa-di-san-carlo-3-11-2024-22-min\/\" data-orig-file=\"https:\/\/i0.wp.com\/www.comitatoperlinate.info\/wp-content\/uploads\/2024\/11\/2024_Stand-alla-Festa-di-San-Carlo-3-11-2024-22-min.jpg?fit=1200%2C1600&amp;ssl=1\" data-orig-size=\"1200,1600\" data-comments-opened=\"1\" data-image-meta=\"{&quot;aperture&quot;:&quot;0&quot;,&quot;credit&quot;:&quot;&quot;,&quot;camera&quot;:&quot;&quot;,&quot;caption&quot;:&quot;&quot;,&quot;created_timestamp&quot;:&quot;0&quot;,&quot;copyright&quot;:&quot;&quot;,&quot;focal_length&quot;:&quot;0&quot;,&quot;iso&quot;:&quot;0&quot;,&quot;shutter_speed&quot;:&quot;0&quot;,&quot;title&quot;:&quot;&quot;,&quot;orientation&quot;:&quot;0&quot;}\" data-image-title=\"2024_Stand alla Festa di San Carlo 3-11-2024 (22)-min\" data-image-description=\"\" data-image-caption=\"\" data-large-file=\"https:\/\/i0.wp.com\/www.comitatoperlinate.info\/wp-content\/uploads\/2024\/11\/2024_Stand-alla-Festa-di-San-Carlo-3-11-2024-22-min.jpg?fit=665%2C887&amp;ssl=1\" data-attachment-id=\"4860\" data-permalink=\"https:\/\/www.comitatoperlinate.info\/index.php\/2024\/11\/05\/partecipazione-alla-festa-di-peschiera-borromeo-3-11-2024\/2024_stand-alla-festa-di-san-carlo-3-11-2024-22-min\/\" data-orig-file=\"https:\/\/i0.wp.com\/www.comitatoperlinate.info\/wp-content\/uploads\/2024\/11\/2024_Stand-alla-Festa-di-San-Carlo-3-11-2024-22-min.jpg?fit=1200%2C1600&amp;ssl=1\" data-orig-size=\"1200,1600\" data-comments-opened=\"1\" data-image-meta=\"{&quot;aperture&quot;:&quot;0&quot;,&quot;credit&quot;:&quot;&quot;,&quot;camera&quot;:&quot;&quot;,&quot;caption&quot;:&quot;&quot;,&quot;created_timestamp&quot;:&quot;0&quot;,&quot;copyright&quot;:&quot;&quot;,&quot;focal_length&quot;:&quot;0&quot;,&quot;iso&quot;:&quot;0&quot;,&quot;shutter_speed&quot;:&quot;0&quot;,&quot;title&quot;:&quot;&quot;,&quot;orientation&quot;:&quot;0&quot;}\" data-image-title=\"2024_Stand alla Festa di San Carlo 3-11-2024 (22)-min\" data-image-description=\"\" data-image-caption=\"\" data-large-file=\"https:\/\/i0.wp.com\/www.comitatoperlinate.info\/wp-content\/uploads\/2024\/11\/2024_Stand-alla-Festa-di-San-Carlo-3-11-2024-22-min.jpg?fit=665%2C887&amp;ssl=1\" role=\"button\" tabindex=\"0\" aria-label=\"Apri immagine 18 di 19 a schermo intero\"srcset=\"https:\/\/i0.wp.com\/www.comitatoperlinate.info\/wp-content\/uploads\/2024\/11\/2024_Stand-alla-Festa-di-San-Carlo-3-11-2024-22-min-768x1024.jpg?strip=info&#038;w=600&#038;ssl=1 600w,https:\/\/i0.wp.com\/www.comitatoperlinate.info\/wp-content\/uploads\/2024\/11\/2024_Stand-alla-Festa-di-San-Carlo-3-11-2024-22-min-768x1024.jpg?strip=info&#038;w=900&#038;ssl=1 900w,https:\/\/i0.wp.com\/www.comitatoperlinate.info\/wp-content\/uploads\/2024\/11\/2024_Stand-alla-Festa-di-San-Carlo-3-11-2024-22-min-768x1024.jpg?strip=info&#038;w=1200&#038;ssl=1 1200w\" alt=\"\" data-height=\"1600\" data-id=\"4860\" data-link=\"https:\/\/www.comitatoperlinate.info\/?attachment_id=4860\" data-url=\"https:\/\/www.comitatoperlinate.info\/wp-content\/uploads\/2024\/11\/2024_Stand-alla-Festa-di-San-Carlo-3-11-2024-22-min-768x1024.jpg\" data-width=\"1200\" src=\"https:\/\/i0.wp.com\/www.comitatoperlinate.info\/wp-content\/uploads\/2024\/11\/2024_Stand-alla-Festa-di-San-Carlo-3-11-2024-22-min-768x1024.jpg?ssl=1\" data-amp-layout=\"responsive\" tabindex=\"0\" role=\"button\" aria-label=\"Apri immagine 18 di 19 a schermo intero\"\/><\/figure><\/div><div class=\"tiled-gallery__col\" style=\"flex-basis:25.00000%\"><figure class=\"tiled-gallery__item\"><img decoding=\"async\" data-attachment-id=\"4861\" data-permalink=\"https:\/\/www.comitatoperlinate.info\/index.php\/2024\/11\/05\/partecipazione-alla-festa-di-peschiera-borromeo-3-11-2024\/2024_stand-alla-festa-di-san-carlo-3-11-2024-23-min\/\" data-orig-file=\"https:\/\/i0.wp.com\/www.comitatoperlinate.info\/wp-content\/uploads\/2024\/11\/2024_Stand-alla-Festa-di-San-Carlo-3-11-2024-23-min.jpg?fit=1200%2C1600&amp;ssl=1\" data-orig-size=\"1200,1600\" data-comments-opened=\"1\" data-image-meta=\"{&quot;aperture&quot;:&quot;0&quot;,&quot;credit&quot;:&quot;&quot;,&quot;camera&quot;:&quot;&quot;,&quot;caption&quot;:&quot;&quot;,&quot;created_timestamp&quot;:&quot;0&quot;,&quot;copyright&quot;:&quot;&quot;,&quot;focal_length&quot;:&quot;0&quot;,&quot;iso&quot;:&quot;0&quot;,&quot;shutter_speed&quot;:&quot;0&quot;,&quot;title&quot;:&quot;&quot;,&quot;orientation&quot;:&quot;0&quot;}\" data-image-title=\"2024_Stand alla Festa di San Carlo 3-11-2024 (23)-min\" data-image-description=\"\" data-image-caption=\"\" data-large-file=\"https:\/\/i0.wp.com\/www.comitatoperlinate.info\/wp-content\/uploads\/2024\/11\/2024_Stand-alla-Festa-di-San-Carlo-3-11-2024-23-min.jpg?fit=665%2C887&amp;ssl=1\" data-attachment-id=\"4861\" data-permalink=\"https:\/\/www.comitatoperlinate.info\/index.php\/2024\/11\/05\/partecipazione-alla-festa-di-peschiera-borromeo-3-11-2024\/2024_stand-alla-festa-di-san-carlo-3-11-2024-23-min\/\" data-orig-file=\"https:\/\/i0.wp.com\/www.comitatoperlinate.info\/wp-content\/uploads\/2024\/11\/2024_Stand-alla-Festa-di-San-Carlo-3-11-2024-23-min.jpg?fit=1200%2C1600&amp;ssl=1\" data-orig-size=\"1200,1600\" data-comments-opened=\"1\" data-image-meta=\"{&quot;aperture&quot;:&quot;0&quot;,&quot;credit&quot;:&quot;&quot;,&quot;camera&quot;:&quot;&quot;,&quot;caption&quot;:&quot;&quot;,&quot;created_timestamp&quot;:&quot;0&quot;,&quot;copyright&quot;:&quot;&quot;,&quot;focal_length&quot;:&quot;0&quot;,&quot;iso&quot;:&quot;0&quot;,&quot;shutter_speed&quot;:&quot;0&quot;,&quot;title&quot;:&quot;&quot;,&quot;orientation&quot;:&quot;0&quot;}\" data-image-title=\"2024_Stand alla Festa di San Carlo 3-11-2024 (23)-min\" data-image-description=\"\" data-image-caption=\"\" data-large-file=\"https:\/\/i0.wp.com\/www.comitatoperlinate.info\/wp-content\/uploads\/2024\/11\/2024_Stand-alla-Festa-di-San-Carlo-3-11-2024-23-min.jpg?fit=665%2C887&amp;ssl=1\" role=\"button\" tabindex=\"0\" aria-label=\"Apri immagine 19 di 19 a schermo intero\"srcset=\"https:\/\/i0.wp.com\/www.comitatoperlinate.info\/wp-content\/uploads\/2024\/11\/2024_Stand-alla-Festa-di-San-Carlo-3-11-2024-23-min-768x1024.jpg?strip=info&#038;w=600&#038;ssl=1 600w,https:\/\/i0.wp.com\/www.comitatoperlinate.info\/wp-content\/uploads\/2024\/11\/2024_Stand-alla-Festa-di-San-Carlo-3-11-2024-23-min-768x1024.jpg?strip=info&#038;w=900&#038;ssl=1 900w,https:\/\/i0.wp.com\/www.comitatoperlinate.info\/wp-content\/uploads\/2024\/11\/2024_Stand-alla-Festa-di-San-Carlo-3-11-2024-23-min-768x1024.jpg?strip=info&#038;w=1200&#038;ssl=1 1200w\" alt=\"\" data-height=\"1600\" data-id=\"4861\" data-link=\"https:\/\/www.comitatoperlinate.info\/?attachment_id=4861\" data-url=\"https:\/\/www.comitatoperlinate.info\/wp-content\/uploads\/2024\/11\/2024_Stand-alla-Festa-di-San-Carlo-3-11-2024-23-min-768x1024.jpg\" data-width=\"1200\" src=\"https:\/\/i0.wp.com\/www.comitatoperlinate.info\/wp-content\/uploads\/2024\/11\/2024_Stand-alla-Festa-di-San-Carlo-3-11-2024-23-min-768x1024.jpg?ssl=1\" data-amp-layout=\"responsive\" tabindex=\"0\" role=\"button\" aria-label=\"Apri immagine 19 di 19 a schermo intero\"\/><\/figure><\/div><\/div><\/div><\/div><\/div>\n","protected":false},"excerpt":{"rendered":"<p>Alla festa di domenica 3\/11\/2024 a Peschiera Borromeo, in occasione della consegna del Basilisco d&#8217;Oro e della riapertura del Teatro De Sica, il Comitato per Linate Associazione ODV ha risposto con entusiasmo all&#8217;invito dell&#8217;Amministrazione! Per l\u2019occasione, abbiamo preparato gratuitamente zucchero filato e deliziose mele fritte con zucchero e cannella per tutti i bambini. \u00c8 stato meraviglioso vedere i loro sorrisi mentre ricevevano questi dolci omaggi!<\/p>\n","protected":false},"author":1,"featured_media":4845,"comment_status":"open","ping_status":"open","sticky":false,"template":"","format":"standard","meta":{"jetpack_post_was_ever_published":false,"_jetpack_newsletter_access":"","_jetpack_dont_email_post_to_subs":false,"_jetpack_newsletter_tier_id":0,"_jetpack_memberships_contains_paywalled_content":false,"_jetpack_memberships_contains_paid_content":false,"footnotes":""},"categories":[39,38],"tags":[49,393,395,394,392],"class_list":["post-4839","post","type-post","status-publish","format-standard","has-post-thumbnail","hentry","category-appuntamenti-del-comitato","category-eventi","tag-festa","tag-mele-fritte","tag-patrono","tag-san-carlo","tag-zucchero"],"jetpack_featured_media_url":"https:\/\/i0.wp.com\/www.comitatoperlinate.info\/wp-content\/uploads\/2024\/11\/2024_Stand-alla-Festa-di-San-Carlo-3-11-2024-6-min-scaled.jpg?fit=1920%2C2560&ssl=1","jetpack_shortlink":"https:\/\/wp.me\/p7mGx5-1g3","jetpack-related-posts":[{"id":4753,"url":"https:\/\/www.comitatoperlinate.info\/index.php\/2024\/08\/12\/ferragosto-a-peschiera-borromeo-anguriata-al-campo-comunale-di-linate-alle-16-30\/","url_meta":{"origin":4839,"position":0},"title":"Ferragosto a Peschiera Borromeo: Anguriata al Campo Comunale di Linate alle 16.30","author":"comitatoper_info","date":"12\/08\/2024","format":false,"excerpt":"Il giorno di Ferragosto sei a Peschiera Borromeo? Perfetto!Allora ti aspettiamo al CAMPO COMUNALE DI LINATE dalle ORE 16.30 per festeggiare insieme. ?Anguria ? per tutti!!! E tanto divertimento!!! Una festa organizzata insieme al Comitato per Linate Associazione ODV con il patrocinio e il contributo della Citt\u00e0 di Peschiera Borromeo.\u2026","rel":"","context":"In &quot;Appuntamenti del Comitato&quot;","block_context":{"text":"Appuntamenti del Comitato","link":"https:\/\/www.comitatoperlinate.info\/index.php\/category\/appuntamenti-del-comitato\/"},"img":{"alt_text":"","src":"https:\/\/i0.wp.com\/www.comitatoperlinate.info\/wp-content\/uploads\/2024\/08\/Immagine-WhatsApp-2024-08-12-ore-16.03.49_d4503461.jpg?fit=848%2C1200&ssl=1&resize=350%2C200","width":350,"height":200,"srcset":"https:\/\/i0.wp.com\/www.comitatoperlinate.info\/wp-content\/uploads\/2024\/08\/Immagine-WhatsApp-2024-08-12-ore-16.03.49_d4503461.jpg?fit=848%2C1200&ssl=1&resize=350%2C200 1x, https:\/\/i0.wp.com\/www.comitatoperlinate.info\/wp-content\/uploads\/2024\/08\/Immagine-WhatsApp-2024-08-12-ore-16.03.49_d4503461.jpg?fit=848%2C1200&ssl=1&resize=525%2C300 1.5x, https:\/\/i0.wp.com\/www.comitatoperlinate.info\/wp-content\/uploads\/2024\/08\/Immagine-WhatsApp-2024-08-12-ore-16.03.49_d4503461.jpg?fit=848%2C1200&ssl=1&resize=700%2C400 2x"},"classes":[]},{"id":6264,"url":"https:\/\/www.comitatoperlinate.info\/index.php\/2025\/10\/05\/castagnata-a-linate-7a-edizione\/","url_meta":{"origin":4839,"position":1},"title":"CASTAGNATA A LINATE \u2013 7\u00aa EDIZIONE!","author":"comitatoper_info","date":"05\/10\/2025","format":false,"excerpt":"? CASTAGNATA A LINATE \u2013 7\u00aa EDIZIONE! ?? Domenica 19 Ottobre? Dalle 12:00 alle 18:00? Cortile del Centro Civico Calipari, Viale Rimembranze 18 \u2013 Peschiera Borromeo Vieni a gustare i sapori dell\u2019autunno! ?? Trippa (anche da asporto)? Salamelle? Patatine? Castagne ? Apertura straordinaria della biblioteca del Centro Civico Calipari con\u2026","rel":"","context":"In &quot;Appuntamenti del Comitato&quot;","block_context":{"text":"Appuntamenti del Comitato","link":"https:\/\/www.comitatoperlinate.info\/index.php\/category\/appuntamenti-del-comitato\/"},"img":{"alt_text":"","src":"https:\/\/i0.wp.com\/www.comitatoperlinate.info\/wp-content\/uploads\/2025\/10\/2025_Castagnata-7-edizione-bassa.jpg?fit=848%2C1200&ssl=1&resize=350%2C200","width":350,"height":200,"srcset":"https:\/\/i0.wp.com\/www.comitatoperlinate.info\/wp-content\/uploads\/2025\/10\/2025_Castagnata-7-edizione-bassa.jpg?fit=848%2C1200&ssl=1&resize=350%2C200 1x, https:\/\/i0.wp.com\/www.comitatoperlinate.info\/wp-content\/uploads\/2025\/10\/2025_Castagnata-7-edizione-bassa.jpg?fit=848%2C1200&ssl=1&resize=525%2C300 1.5x, https:\/\/i0.wp.com\/www.comitatoperlinate.info\/wp-content\/uploads\/2025\/10\/2025_Castagnata-7-edizione-bassa.jpg?fit=848%2C1200&ssl=1&resize=700%2C400 2x"},"classes":[]},{"id":4774,"url":"https:\/\/www.comitatoperlinate.info\/index.php\/2024\/09\/14\/41-festa-di-linate-grazie-a-tutti\/","url_meta":{"origin":4839,"position":2},"title":"41\u00b0 Festa di Linate &#8211; grazie a tutti","author":"comitatoper_info","date":"14\/09\/2024","format":false,"excerpt":"Si \u00e8 conclusa con grande successo la 41\u00aa Festa di Linate, la manifestazione pi\u00f9 longeva del Comune di Peschiera Borromeo. Anche quest\u2019anno, grazie alla partecipazione appassionata di tutti, l\u2019evento \u00e8 stato un vero trionfo! Purtroppo, a causa del maltempo, siamo stati costretti ad annullare il 3\u00b0 Raduno d\u2019auto e la\u2026","rel":"","context":"In &quot;Appuntamenti del Comitato&quot;","block_context":{"text":"Appuntamenti del Comitato","link":"https:\/\/www.comitatoperlinate.info\/index.php\/category\/appuntamenti-del-comitato\/"},"img":{"alt_text":"","src":"https:\/\/i0.wp.com\/www.comitatoperlinate.info\/wp-content\/uploads\/2024\/09\/foto8.jpg?fit=1200%2C900&ssl=1&resize=350%2C200","width":350,"height":200,"srcset":"https:\/\/i0.wp.com\/www.comitatoperlinate.info\/wp-content\/uploads\/2024\/09\/foto8.jpg?fit=1200%2C900&ssl=1&resize=350%2C200 1x, https:\/\/i0.wp.com\/www.comitatoperlinate.info\/wp-content\/uploads\/2024\/09\/foto8.jpg?fit=1200%2C900&ssl=1&resize=525%2C300 1.5x, https:\/\/i0.wp.com\/www.comitatoperlinate.info\/wp-content\/uploads\/2024\/09\/foto8.jpg?fit=1200%2C900&ssl=1&resize=700%2C400 2x, https:\/\/i0.wp.com\/www.comitatoperlinate.info\/wp-content\/uploads\/2024\/09\/foto8.jpg?fit=1200%2C900&ssl=1&resize=1050%2C600 3x"},"classes":[]},{"id":6199,"url":"https:\/\/www.comitatoperlinate.info\/index.php\/2025\/05\/06\/vieni-con-noi-alla-scoperta-del-castello-di-peschiera-borromeo\/","url_meta":{"origin":4839,"position":3},"title":"VIENI CON NOI ALLA SCOPERTA DEL CASTELLO DI PESCHIERA BORROMEO!","author":"comitatoper_info","date":"06\/05\/2025","format":false,"excerpt":"Il Comitato per Linate Associazione ODV organizza domenica 11 maggio alle ore 11.00 una visita guidata dall'esperto storico Professor Leondi. Prenota la tua partecipazione, posti limitati!!!!Si ringrazia per l'opportunit\u00e0 dataci la Contessa Anna Borromeo e il Prof. Leondi","rel":"","context":"In &quot;Appuntamenti del Comitato&quot;","block_context":{"text":"Appuntamenti del Comitato","link":"https:\/\/www.comitatoperlinate.info\/index.php\/category\/appuntamenti-del-comitato\/"},"img":{"alt_text":"","src":"https:\/\/i0.wp.com\/www.comitatoperlinate.info\/wp-content\/uploads\/2025\/05\/Immagine-WhatsApp-2025-05-06-ore-14.41.48_06a4e486.jpg?fit=452%2C640&ssl=1&resize=350%2C200","width":350,"height":200},"classes":[]},{"id":6243,"url":"https:\/\/www.comitatoperlinate.info\/index.php\/2025\/07\/28\/anguriata-di-ferragostoa\/","url_meta":{"origin":4839,"position":4},"title":"ANGURIATA DI FERRAGOSTO","author":"comitatoper_info","date":"28\/07\/2025","format":false,"excerpt":"?\u2600\ufe0f ANGURIATA DI FERRAGOSTO \u2600\ufe0f?Preparati a rinfrescare il tuo Ferragosto con una fetta d\u2019estate\u2026 bella rossa e dolce! ? Venerd\u00ec 15 Agosto? Dalle ore 16:30? Campo Comunale - Via Pascoli, Linate (Peschiera Borromeo) ? Un pomeriggio di festa, gusto e allegria per tuttiOrganizzato da Comitato per Linate ODV e Pro\u2026","rel":"","context":"In &quot;Eventi&quot;","block_context":{"text":"Eventi","link":"https:\/\/www.comitatoperlinate.info\/index.php\/category\/eventi\/"},"img":{"alt_text":"","src":"https:\/\/i0.wp.com\/www.comitatoperlinate.info\/wp-content\/uploads\/2025\/07\/2025_Anguriata-volantino_Tavola-disegno-1.jpg?fit=595%2C842&ssl=1&resize=350%2C200","width":350,"height":200,"srcset":"https:\/\/i0.wp.com\/www.comitatoperlinate.info\/wp-content\/uploads\/2025\/07\/2025_Anguriata-volantino_Tavola-disegno-1.jpg?fit=595%2C842&ssl=1&resize=350%2C200 1x, https:\/\/i0.wp.com\/www.comitatoperlinate.info\/wp-content\/uploads\/2025\/07\/2025_Anguriata-volantino_Tavola-disegno-1.jpg?fit=595%2C842&ssl=1&resize=525%2C300 1.5x"},"classes":[]},{"id":4786,"url":"https:\/\/www.comitatoperlinate.info\/index.php\/2024\/09\/14\/risottata-del-sindaco-grande-convivialita-con-sindaco-andrea-coden-e-vice-sindaca-claudia-bianchi\/","url_meta":{"origin":4839,"position":5},"title":"Risottata del Sindaco: Grande Convivialit\u00e0 con Sindaco Andrea Coden e Vice Sindaca Claudia Bianchi","author":"comitatoper_info","date":"14\/09\/2024","format":false,"excerpt":"Domenica 8 settembre si \u00e8 svolta la prima Risottata del Sindaco, un evento di grande convivialit\u00e0. La serata \u00e8 stata arricchita dalla presenza del Sindaco Andrea Coden, della Vice Sindaca Claudia Bianchi e di tutta la Giunta Comunale, che hanno preparato due squisiti risotti. Un sentito ringraziamento per il loro\u2026","rel":"","context":"In &quot;Appuntamenti del Comitato&quot;","block_context":{"text":"Appuntamenti del Comitato","link":"https:\/\/www.comitatoperlinate.info\/index.php\/category\/appuntamenti-del-comitato\/"},"img":{"alt_text":"","src":"https:\/\/i0.wp.com\/www.comitatoperlinate.info\/wp-content\/uploads\/2024\/09\/riso3.jpg?fit=960%2C1200&ssl=1&resize=350%2C200","width":350,"height":200,"srcset":"https:\/\/i0.wp.com\/www.comitatoperlinate.info\/wp-content\/uploads\/2024\/09\/riso3.jpg?fit=960%2C1200&ssl=1&resize=350%2C200 1x, https:\/\/i0.wp.com\/www.comitatoperlinate.info\/wp-content\/uploads\/2024\/09\/riso3.jpg?fit=960%2C1200&ssl=1&resize=525%2C300 1.5x, https:\/\/i0.wp.com\/www.comitatoperlinate.info\/wp-content\/uploads\/2024\/09\/riso3.jpg?fit=960%2C1200&ssl=1&resize=700%2C400 2x"},"classes":[]}],"jetpack_sharing_enabled":true,"_links":{"self":[{"href":"https:\/\/www.comitatoperlinate.info\/index.php\/wp-json\/wp\/v2\/posts\/4839","targetHints":{"allow":["GET"]}}],"collection":[{"href":"https:\/\/www.comitatoperlinate.info\/index.php\/wp-json\/wp\/v2\/posts"}],"about":[{"href":"https:\/\/www.comitatoperlinate.info\/index.php\/wp-json\/wp\/v2\/types\/post"}],"author":[{"embeddable":true,"href":"https:\/\/www.comitatoperlinate.info\/index.php\/wp-json\/wp\/v2\/users\/1"}],"replies":[{"embeddable":true,"href":"https:\/\/www.comitatoperlinate.info\/index.php\/wp-json\/wp\/v2\/comments?post=4839"}],"version-history":[{"count":3,"href":"https:\/\/www.comitatoperlinate.info\/index.php\/wp-json\/wp\/v2\/posts\/4839\/revisions"}],"predecessor-version":[{"id":4864,"href":"https:\/\/www.comitatoperlinate.info\/index.php\/wp-json\/wp\/v2\/posts\/4839\/revisions\/4864"}],"wp:featuredmedia":[{"embeddable":true,"href":"https:\/\/www.comitatoperlinate.info\/index.php\/wp-json\/wp\/v2\/media\/4845"}],"wp:attachment":[{"href":"https:\/\/www.comitatoperlinate.info\/index.php\/wp-json\/wp\/v2\/media?parent=4839"}],"wp:term":[{"taxonomy":"category","embeddable":true,"href":"https:\/\/www.comitatoperlinate.info\/index.php\/wp-json\/wp\/v2\/categories?post=4839"},{"taxonomy":"post_tag","embeddable":true,"href":"https:\/\/www.comitatoperlinate.info\/index.php\/wp-json\/wp\/v2\/tags?post=4839"}],"curies":[{"name":"wp","href":"https:\/\/api.w.org\/{rel}","templated":true}]}}