{"id":6109,"date":"2025-01-21T12:15:57","date_gmt":"2025-01-21T12:15:57","guid":{"rendered":"https:\/\/www.comitatoperlinate.info\/?p=6109"},"modified":"2025-01-21T12:17:07","modified_gmt":"2025-01-21T12:17:07","slug":"e-iniziata-la-campagna-di-tesseramento-2025","status":"publish","type":"post","link":"https:\/\/www.comitatoperlinate.info\/index.php\/2025\/01\/21\/e-iniziata-la-campagna-di-tesseramento-2025\/","title":{"rendered":"\u00c8 iniziata la campagna di Tesseramento 2025!"},"content":{"rendered":"\n<figure class=\"wp-block-image size-large\"><img data-recalc-dims=\"1\" loading=\"lazy\" decoding=\"async\" width=\"665\" height=\"470\" data-attachment-id=\"6106\" data-permalink=\"https:\/\/www.comitatoperlinate.info\/?attachment_id=6106\" data-orig-file=\"https:\/\/i0.wp.com\/www.comitatoperlinate.info\/wp-content\/uploads\/2025\/01\/2025_Tesseramento-soci-anno-2025-1.jpg?fit=1753%2C1240&amp;ssl=1\" data-orig-size=\"1753,1240\" data-comments-opened=\"1\" data-image-meta=\"{&quot;aperture&quot;:&quot;0&quot;,&quot;credit&quot;:&quot;&quot;,&quot;camera&quot;:&quot;&quot;,&quot;caption&quot;:&quot;&quot;,&quot;created_timestamp&quot;:&quot;0&quot;,&quot;copyright&quot;:&quot;&quot;,&quot;focal_length&quot;:&quot;0&quot;,&quot;iso&quot;:&quot;0&quot;,&quot;shutter_speed&quot;:&quot;0&quot;,&quot;title&quot;:&quot;&quot;,&quot;orientation&quot;:&quot;0&quot;}\" data-image-title=\"2025_Tesseramento soci anno 2025-1\" data-image-description=\"\" data-image-caption=\"\" data-large-file=\"https:\/\/i0.wp.com\/www.comitatoperlinate.info\/wp-content\/uploads\/2025\/01\/2025_Tesseramento-soci-anno-2025-1.jpg?fit=665%2C470&amp;ssl=1\" src=\"https:\/\/i0.wp.com\/www.comitatoperlinate.info\/wp-content\/uploads\/2025\/01\/2025_Tesseramento-soci-anno-2025-1.jpg?resize=665%2C470&#038;ssl=1\" alt=\"\" class=\"wp-image-6106\" srcset=\"https:\/\/i0.wp.com\/www.comitatoperlinate.info\/wp-content\/uploads\/2025\/01\/2025_Tesseramento-soci-anno-2025-1.jpg?resize=1024%2C724&amp;ssl=1 1024w, https:\/\/i0.wp.com\/www.comitatoperlinate.info\/wp-content\/uploads\/2025\/01\/2025_Tesseramento-soci-anno-2025-1.jpg?resize=300%2C212&amp;ssl=1 300w, https:\/\/i0.wp.com\/www.comitatoperlinate.info\/wp-content\/uploads\/2025\/01\/2025_Tesseramento-soci-anno-2025-1.jpg?resize=1536%2C1087&amp;ssl=1 1536w, https:\/\/i0.wp.com\/www.comitatoperlinate.info\/wp-content\/uploads\/2025\/01\/2025_Tesseramento-soci-anno-2025-1.jpg?w=1753&amp;ssl=1 1753w, https:\/\/i0.wp.com\/www.comitatoperlinate.info\/wp-content\/uploads\/2025\/01\/2025_Tesseramento-soci-anno-2025-1.jpg?w=1330&amp;ssl=1 1330w\" sizes=\"auto, (max-width: 665px) 100vw, 665px\" \/><\/figure>\n\n\n\n<p>Diventa anche tu parte attiva del Comitato per Linate ?<br>Unisciti a noi per contribuire al benessere della nostra comunit\u00e0 e partecipare alle iniziative e attivit\u00e0 dell\u2019Associazione<br>? Quando?<br>Ti aspettiamo tutti i marted\u00ec e gioved\u00ec, dalle 17:15 alle 19:00.<br>? Dove?<br>Presso il Centro Civico Calipari a Linate.<\/p>\n\n\n\n<p>? Perch\u00e9 diventare socio?<br>Sostenere il Comitato significa essere protagonisti di progetti, eventi e iniziative che valorizzano il nostro territorio. Ogni tessera \u00e8 un gesto di solidariet\u00e0 e partecipazione!<br>Non mancare, ti aspettiamo!<br>Per maggiori informazioni, contattaci o vieni a trovarci.<\/p>\n","protected":false},"excerpt":{"rendered":"<p>Diventa anche tu parte attiva del Comitato per Linate ?Unisciti a noi per contribuire al benessere della nostra comunit\u00e0 e partecipare alle iniziative e attivit\u00e0 dell\u2019Associazione? Quando?Ti aspettiamo tutti i marted\u00ec e gioved\u00ec, dalle 17:15 alle 19:00.? Dove?Presso il Centro Civico Calipari a Linate. ? Perch\u00e9 diventare socio?Sostenere il Comitato significa essere protagonisti di progetti,\u2026 <span class=\"read-more\"><a href=\"https:\/\/www.comitatoperlinate.info\/index.php\/2025\/01\/21\/e-iniziata-la-campagna-di-tesseramento-2025\/\">Leggi tutto &raquo;<\/a><\/span><\/p>\n","protected":false},"author":1,"featured_media":6106,"comment_status":"open","ping_status":"open","sticky":false,"template":"","format":"image","meta":{"jetpack_post_was_ever_published":false,"_jetpack_newsletter_access":"","_jetpack_dont_email_post_to_subs":false,"_jetpack_newsletter_tier_id":0,"_jetpack_memberships_contains_paywalled_content":false,"_jetpack_memberships_contains_paid_content":false,"footnotes":""},"categories":[44],"tags":[513,514,227],"class_list":["post-6109","post","type-post","status-publish","format-image","has-post-thumbnail","hentry","category-varie","tag-iscrizione","tag-rinnovo","tag-soci","post_format-post-format-image"],"jetpack_featured_media_url":"https:\/\/i0.wp.com\/www.comitatoperlinate.info\/wp-content\/uploads\/2025\/01\/2025_Tesseramento-soci-anno-2025-1.jpg?fit=1753%2C1240&ssl=1","jetpack_shortlink":"https:\/\/wp.me\/p7mGx5-1Ax","jetpack-related-posts":[{"id":903,"url":"https:\/\/www.comitatoperlinate.info\/index.php\/2016\/10\/21\/prossimo-incontro-mensile-giovedi-3-novembre\/","url_meta":{"origin":6109,"position":0},"title":"Prossimo incontro mensile &#8211; Gioved\u00ec 3 Novembre","author":"comitatoper_info","date":"21\/10\/2016","format":false,"excerpt":"Il prossimo incontro mensile del Comitato di Linate, si terr\u00e0 Gioved\u00ec 3 Novembre alle ore 21,00 presso i locali della palazzina adiacente al Centro Calipari. L'incontro \u00e8 aperto non solo agli aderenti al Comitato ma a tutta la cittadinanza. Ordine del giorno: Aggiornamento incontro tenuto presso Centro Servizi per il\u2026","rel":"","context":"In &quot;Appuntamenti del Comitato&quot;","block_context":{"text":"Appuntamenti del Comitato","link":"https:\/\/www.comitatoperlinate.info\/index.php\/category\/appuntamenti-del-comitato\/"},"img":{"alt_text":"","src":"","width":0,"height":0},"classes":[]},{"id":4753,"url":"https:\/\/www.comitatoperlinate.info\/index.php\/2024\/08\/12\/ferragosto-a-peschiera-borromeo-anguriata-al-campo-comunale-di-linate-alle-16-30\/","url_meta":{"origin":6109,"position":1},"title":"Ferragosto a Peschiera Borromeo: Anguriata al Campo Comunale di Linate alle 16.30","author":"comitatoper_info","date":"12\/08\/2024","format":false,"excerpt":"Il giorno di Ferragosto sei a Peschiera Borromeo? Perfetto!Allora ti aspettiamo al CAMPO COMUNALE DI LINATE dalle ORE 16.30 per festeggiare insieme. ?Anguria ? per tutti!!! E tanto divertimento!!! Una festa organizzata insieme al Comitato per Linate Associazione ODV con il patrocinio e il contributo della Citt\u00e0 di Peschiera Borromeo.\u2026","rel":"","context":"In &quot;Appuntamenti del Comitato&quot;","block_context":{"text":"Appuntamenti del Comitato","link":"https:\/\/www.comitatoperlinate.info\/index.php\/category\/appuntamenti-del-comitato\/"},"img":{"alt_text":"","src":"https:\/\/i0.wp.com\/www.comitatoperlinate.info\/wp-content\/uploads\/2024\/08\/Immagine-WhatsApp-2024-08-12-ore-16.03.49_d4503461.jpg?fit=848%2C1200&ssl=1&resize=350%2C200","width":350,"height":200,"srcset":"https:\/\/i0.wp.com\/www.comitatoperlinate.info\/wp-content\/uploads\/2024\/08\/Immagine-WhatsApp-2024-08-12-ore-16.03.49_d4503461.jpg?fit=848%2C1200&ssl=1&resize=350%2C200 1x, https:\/\/i0.wp.com\/www.comitatoperlinate.info\/wp-content\/uploads\/2024\/08\/Immagine-WhatsApp-2024-08-12-ore-16.03.49_d4503461.jpg?fit=848%2C1200&ssl=1&resize=525%2C300 1.5x, https:\/\/i0.wp.com\/www.comitatoperlinate.info\/wp-content\/uploads\/2024\/08\/Immagine-WhatsApp-2024-08-12-ore-16.03.49_d4503461.jpg?fit=848%2C1200&ssl=1&resize=700%2C400 2x"},"classes":[]},{"id":3467,"url":"https:\/\/www.comitatoperlinate.info\/index.php\/2021\/11\/16\/buon-compleanno-comitato-per-linate-odv\/","url_meta":{"origin":6109,"position":2},"title":"Buon Compleanno Comitato per Linate ODV","author":"comitatoper_info","date":"16\/11\/2021","format":false,"excerpt":"\u00a0 Cinque anni fa nasceva la nostra Associazione apartitica, aconfessionale e senza scopo di lucro che persegue finalit\u00e0 civiche, solidaristiche e di utilit\u00e0 sociale, con queste finalit\u00e0: \u2022 stimolare la partecipazione dei cittadini alla vita civile, politica, sociale, culturale ed amministrativa; \u2022 assistere le persone bisognose di un sostegno nella\u2026","rel":"","context":"In &quot;Comunicato&quot;","block_context":{"text":"Comunicato","link":"https:\/\/www.comitatoperlinate.info\/index.php\/category\/comunicato\/"},"img":{"alt_text":"","src":"https:\/\/i0.wp.com\/www.comitatoperlinate.info\/wp-content\/uploads\/2021\/11\/5ann-comitatoi.jpg?resize=350%2C200","width":350,"height":200},"classes":[]},{"id":1206,"url":"https:\/\/www.comitatoperlinate.info\/index.php\/2017\/02\/26\/incontro-mensile-aperto-tutti-cittadini-2-marzo-2017-ore-21\/","url_meta":{"origin":6109,"position":3},"title":"Incontro mensile aperto a tutti i cittadini &#8211; 2 marzo  2017 ore 21","author":"comitatoper_info","date":"26\/02\/2017","format":false,"excerpt":"Gioved\u00ec 02.03.2017 alle ore 21,00 presso la nostra sede (villetta adiacente al Centro Civico Calipari) si terr\u00e0 la consueta riunione della nostra Associazione. Contiamo sulla partecipazione dei cittadini in quanto, oltre a parlare e confrontarci dei\u00a0 problemi e necessit\u00e0 della nostra frazione, si inizier\u00e0 a proporre\u00a0 idee ed iniziative per\u2026","rel":"","context":"In &quot;Appuntamenti del Comitato&quot;","block_context":{"text":"Appuntamenti del Comitato","link":"https:\/\/www.comitatoperlinate.info\/index.php\/category\/appuntamenti-del-comitato\/"},"img":{"alt_text":"","src":"https:\/\/i0.wp.com\/www.comitatoperlinate.info\/wp-content\/uploads\/2017\/02\/Comitato-Logo-Associazione.jpg?fit=1200%2C562&ssl=1&resize=350%2C200","width":350,"height":200,"srcset":"https:\/\/i0.wp.com\/www.comitatoperlinate.info\/wp-content\/uploads\/2017\/02\/Comitato-Logo-Associazione.jpg?fit=1200%2C562&ssl=1&resize=350%2C200 1x, https:\/\/i0.wp.com\/www.comitatoperlinate.info\/wp-content\/uploads\/2017\/02\/Comitato-Logo-Associazione.jpg?fit=1200%2C562&ssl=1&resize=525%2C300 1.5x, https:\/\/i0.wp.com\/www.comitatoperlinate.info\/wp-content\/uploads\/2017\/02\/Comitato-Logo-Associazione.jpg?fit=1200%2C562&ssl=1&resize=700%2C400 2x, https:\/\/i0.wp.com\/www.comitatoperlinate.info\/wp-content\/uploads\/2017\/02\/Comitato-Logo-Associazione.jpg?fit=1200%2C562&ssl=1&resize=1050%2C600 3x"},"classes":[]},{"id":663,"url":"https:\/\/www.comitatoperlinate.info\/index.php\/2016\/09\/11\/prossimo-incontro-mensile-15-9-2016\/","url_meta":{"origin":6109,"position":4},"title":"Prossimo incontro mensile 15 settembre 2016","author":"comitatoper_info","date":"11\/09\/2016","format":"image","excerpt":"Il prossimo incontro mensile del Comitato si terr\u00e0 Gioved\u00ec 15\/9\/2016 alle ore 21,00 presso la sede dell'USD Sporting L & B - via Alfieri a Linate Proposta ordine del giorno: Cena per raccolta fondi per terremotati Costituirci come associazione? Proposta statuto e logo del Comitato A che punto sono le\u2026","rel":"","context":"In &quot;Appuntamenti del Comitato&quot;","block_context":{"text":"Appuntamenti del Comitato","link":"https:\/\/www.comitatoperlinate.info\/index.php\/category\/appuntamenti-del-comitato\/"},"img":{"alt_text":"LOGO 1","src":"https:\/\/i0.wp.com\/www.comitatoperlinate.info\/wp-content\/uploads\/2016\/08\/LOGO-1-1019x1024.jpg?resize=350%2C200","width":350,"height":200},"classes":[]},{"id":331,"url":"https:\/\/www.comitatoperlinate.info\/index.php\/2016\/04\/22\/ringraziamo-cittadini-la-partecipazione-allincontro-del-8-aprile\/","url_meta":{"origin":6109,"position":5},"title":"Ringraziamo i cittadini per la partecipazione all&#8221;incontro del 8 aprile","author":"comitatoper_info","date":"22\/04\/2016","format":false,"excerpt":"Il \u201cComitato per Linate\u201d, ringrazia tutti i cittadini per la partecipazione all\u2019incontro dell\u20198\/4\/2016. Vi ricordiamo di aderire al Comitato per dare pi\u00f9 voce alle annose problematiche e necessit\u00e0 della nostra frazione e per creare un punto di aggregazione ed informazione Potete ritirare il modulo e consegnarlo compilato, presso l\u2019 edicola\u2026","rel":"","context":"In &quot;Appuntamenti del Comitato&quot;","block_context":{"text":"Appuntamenti del Comitato","link":"https:\/\/www.comitatoperlinate.info\/index.php\/category\/appuntamenti-del-comitato\/"},"img":{"alt_text":"","src":"","width":0,"height":0},"classes":[]}],"jetpack_sharing_enabled":true,"_links":{"self":[{"href":"https:\/\/www.comitatoperlinate.info\/index.php\/wp-json\/wp\/v2\/posts\/6109","targetHints":{"allow":["GET"]}}],"collection":[{"href":"https:\/\/www.comitatoperlinate.info\/index.php\/wp-json\/wp\/v2\/posts"}],"about":[{"href":"https:\/\/www.comitatoperlinate.info\/index.php\/wp-json\/wp\/v2\/types\/post"}],"author":[{"embeddable":true,"href":"https:\/\/www.comitatoperlinate.info\/index.php\/wp-json\/wp\/v2\/users\/1"}],"replies":[{"embeddable":true,"href":"https:\/\/www.comitatoperlinate.info\/index.php\/wp-json\/wp\/v2\/comments?post=6109"}],"version-history":[{"count":2,"href":"https:\/\/www.comitatoperlinate.info\/index.php\/wp-json\/wp\/v2\/posts\/6109\/revisions"}],"predecessor-version":[{"id":6111,"href":"https:\/\/www.comitatoperlinate.info\/index.php\/wp-json\/wp\/v2\/posts\/6109\/revisions\/6111"}],"wp:featuredmedia":[{"embeddable":true,"href":"https:\/\/www.comitatoperlinate.info\/index.php\/wp-json\/wp\/v2\/media\/6106"}],"wp:attachment":[{"href":"https:\/\/www.comitatoperlinate.info\/index.php\/wp-json\/wp\/v2\/media?parent=6109"}],"wp:term":[{"taxonomy":"category","embeddable":true,"href":"https:\/\/www.comitatoperlinate.info\/index.php\/wp-json\/wp\/v2\/categories?post=6109"},{"taxonomy":"post_tag","embeddable":true,"href":"https:\/\/www.comitatoperlinate.info\/index.php\/wp-json\/wp\/v2\/tags?post=6109"}],"curies":[{"name":"wp","href":"https:\/\/api.w.org\/{rel}","templated":true}]}}