{"id":6273,"date":"2025-12-03T22:26:18","date_gmt":"2025-12-03T22:26:18","guid":{"rendered":"https:\/\/www.comitatoperlinate.info\/?p=6273"},"modified":"2025-12-08T11:20:56","modified_gmt":"2025-12-08T11:20:56","slug":"decoriamo-lalbero-insieme","status":"publish","type":"post","link":"https:\/\/www.comitatoperlinate.info\/index.php\/2025\/12\/03\/decoriamo-lalbero-insieme\/","title":{"rendered":"DECORIAMO L\u2019ALBERO INSIEME!"},"content":{"rendered":"\n<p class=\"wp-block-paragraph\">Il <a><\/a>7 dicembre alle ore 16:00 vi aspettiamo nel giardino di via Pascolai (davanti alla chiesa) per addobbare il nostro albero di Natale con gli splendidi addobbi realizzati dai bambini! <img loading=\"lazy\" decoding=\"async\" height=\"16\" width=\"16\" alt=\"?\" src=\"https:\/\/static.xx.fbcdn.net\/images\/emoji.php\/v9\/t15\/1\/16\/1f49b.png\"><img loading=\"lazy\" decoding=\"async\" height=\"16\" width=\"16\" alt=\"?\" src=\"https:\/\/static.xx.fbcdn.net\/images\/emoji.php\/v9\/t84\/1\/16\/1f381.png\"><\/p>\n\n\n\n<p class=\"wp-block-paragraph\">Sar\u00e0 un pomeriggio di festa e condivisione per tutta la comunit\u00e0, con la magia del Natale che prende forma grazie ai pi\u00f9 piccoli.<\/p>\n\n\n\n<p class=\"wp-block-paragraph\">Al termine\u2026 merendina per tutti i bambini! <img loading=\"lazy\" decoding=\"async\" height=\"16\" width=\"16\" alt=\"?\" src=\"https:\/\/static.xx.fbcdn.net\/images\/emoji.php\/v9\/t76\/1\/16\/1f36a.png\"><img loading=\"lazy\" decoding=\"async\" height=\"16\" width=\"16\" alt=\"?\" src=\"https:\/\/static.xx.fbcdn.net\/images\/emoji.php\/v9\/tde\/1\/16\/1f95b.png\"><img loading=\"lazy\" decoding=\"async\" height=\"16\" width=\"16\" alt=\"\u2728\" src=\"https:\/\/static.xx.fbcdn.net\/images\/emoji.php\/v9\/tf4\/1\/16\/2728.png\"><\/p>\n\n\n\n<p class=\"wp-block-paragraph\">Vi aspettiamo numerosi! <img loading=\"lazy\" decoding=\"async\" height=\"16\" width=\"16\" alt=\"?\" src=\"https:\/\/static.xx.fbcdn.net\/images\/emoji.php\/v9\/t88\/1\/16\/1f385.png\"><img loading=\"lazy\" decoding=\"async\" height=\"16\" width=\"16\" alt=\"?\" src=\"https:\/\/static.xx.fbcdn.net\/images\/emoji.php\/v9\/te0\/1\/16\/1f31f.png\"><\/p>\n\n\n\n<figure class=\"wp-block-image size-large\"><img loading=\"lazy\" decoding=\"async\" width=\"724\" height=\"1024\" src=\"https:\/\/www.comitatoperlinate.info\/wp-content\/uploads\/2025\/12\/2025_Addobbo-albero-di-Natale-724x1024.jpg\" alt=\"\" class=\"wp-image-6274\" srcset=\"https:\/\/www.comitatoperlinate.info\/wp-content\/uploads\/2025\/12\/2025_Addobbo-albero-di-Natale-724x1024.jpg 724w, https:\/\/www.comitatoperlinate.info\/wp-content\/uploads\/2025\/12\/2025_Addobbo-albero-di-Natale-212x300.jpg 212w, https:\/\/www.comitatoperlinate.info\/wp-content\/uploads\/2025\/12\/2025_Addobbo-albero-di-Natale-1086x1536.jpg 1086w, https:\/\/www.comitatoperlinate.info\/wp-content\/uploads\/2025\/12\/2025_Addobbo-albero-di-Natale-660x934.jpg 660w, https:\/\/www.comitatoperlinate.info\/wp-content\/uploads\/2025\/12\/2025_Addobbo-albero-di-Natale.jpg 1414w\" sizes=\"auto, (max-width: 724px) 100vw, 724px\" \/><\/figure>\n\n\n\n<p class=\"wp-block-paragraph\"><\/p>\n","protected":false},"excerpt":{"rendered":"<p>Il 7 dicembre alle ore 16:00 vi aspettiamo nel giardino di via Pascolai (davanti alla chiesa) per addobbare il nostro albero di Natale con gli splendidi addobbi realizzati dai bambini! Sar\u00e0 un pomeriggio di festa e condivisione per tutta la comunit\u00e0, con la magia del Natale che prende forma grazie ai pi\u00f9 piccoli. Al termine\u2026\u2026 <span class=\"read-more\"><a href=\"https:\/\/www.comitatoperlinate.info\/index.php\/2025\/12\/03\/decoriamo-lalbero-insieme\/\">Read More: DECORIAMO L\u2019ALBERO INSIEME! &raquo;<\/a><\/span><\/p>\n","protected":false},"author":1,"featured_media":6274,"comment_status":"open","ping_status":"open","sticky":false,"template":"","format":"standard","meta":{"footnotes":""},"categories":[39,38],"tags":[532,57],"class_list":["post-6273","post","type-post","status-publish","format-standard","has-post-thumbnail","hentry","category-appuntamenti-del-comitato","category-eventi","tag-addobba","tag-albero"],"_links":{"self":[{"href":"https:\/\/www.comitatoperlinate.info\/index.php\/wp-json\/wp\/v2\/posts\/6273","targetHints":{"allow":["GET"]}}],"collection":[{"href":"https:\/\/www.comitatoperlinate.info\/index.php\/wp-json\/wp\/v2\/posts"}],"about":[{"href":"https:\/\/www.comitatoperlinate.info\/index.php\/wp-json\/wp\/v2\/types\/post"}],"author":[{"embeddable":true,"href":"https:\/\/www.comitatoperlinate.info\/index.php\/wp-json\/wp\/v2\/users\/1"}],"replies":[{"embeddable":true,"href":"https:\/\/www.comitatoperlinate.info\/index.php\/wp-json\/wp\/v2\/comments?post=6273"}],"version-history":[{"count":2,"href":"https:\/\/www.comitatoperlinate.info\/index.php\/wp-json\/wp\/v2\/posts\/6273\/revisions"}],"predecessor-version":[{"id":6277,"href":"https:\/\/www.comitatoperlinate.info\/index.php\/wp-json\/wp\/v2\/posts\/6273\/revisions\/6277"}],"wp:featuredmedia":[{"embeddable":true,"href":"https:\/\/www.comitatoperlinate.info\/index.php\/wp-json\/wp\/v2\/media\/6274"}],"wp:attachment":[{"href":"https:\/\/www.comitatoperlinate.info\/index.php\/wp-json\/wp\/v2\/media?parent=6273"}],"wp:term":[{"taxonomy":"category","embeddable":true,"href":"https:\/\/www.comitatoperlinate.info\/index.php\/wp-json\/wp\/v2\/categories?post=6273"},{"taxonomy":"post_tag","embeddable":true,"href":"https:\/\/www.comitatoperlinate.info\/index.php\/wp-json\/wp\/v2\/tags?post=6273"}],"curies":[{"name":"wp","href":"https:\/\/api.w.org\/{rel}","templated":true}]}}